{"id":8812,"date":"2021-04-15T00:00:00","date_gmt":"2021-04-14T22:00:00","guid":{"rendered":"http:\/\/kit.pef.czu.cz\/nezarazene\/polirural-newsletter-7\/"},"modified":"2023-08-22T18:23:47","modified_gmt":"2023-08-22T16:23:47","slug":"polirural-newsletter-7","status":"publish","type":"post","link":"https:\/\/kit.pef.czu.cz\/en\/zpravy-akce-prednasky\/polirural-newsletter-7\/","title":{"rendered":"PoliRural Newsletter 7"},"content":{"rendered":"<p style=\"text-align: justify;\"><strong>PoliRural project partners participated in the &quot;Rural Vision Week - Envisioning the future of Europe&#039;s rural areas&quot; event on 22-26 March 2021, organized by the European Network for Rural Development (ENRD) in close cooperation with the European Commission.<\/strong><\/p>\n<p>&nbsp;<\/p>\n<p><iframe src=\"https:\/\/polirural.eu\/newsletter\/7\/CZ\/\" width=\"100%\" height=\"800px\"><\/iframe><\/p>","protected":false},"excerpt":{"rendered":"<p>PoliRural project partners participated in the &quot;Rural Vision Week - Envisioning the future of Europe&#039;s rural areas&quot; event on 22-26 March 2021, organized by the European Network for Rural Development (ENRD) in close cooperation with the European Commission. &nbsp;<\/p>","protected":false},"author":1,"featured_media":0,"comment_status":"closed","ping_status":"open","sticky":false,"template":"","format":"standard","meta":{"_eb_attr":"","_uag_custom_page_level_css":"","ngg_post_thumbnail":0,"footnotes":""},"categories":[49],"tags":[],"class_list":["post-8812","post","type-post","status-publish","format-standard","hentry","category-zpravy"],"uagb_featured_image_src":{"full":false,"thumbnail":false,"medium":false,"medium_large":false,"large":false,"1536x1536":false,"2048x2048":false,"trp-custom-language-flag":false},"uagb_author_info":{"display_name":"admin","author_link":"https:\/\/kit.pef.czu.cz\/en\/zpravy-akce-prednasky\/author\/admin\/"},"uagb_comment_info":0,"uagb_excerpt":"Partne\u0159i projektu PoliRural se z\u00fa\u010dastnili akce \u201eT\u00fdden vize venkova \u2013 P\u0159edstava budoucnosti evropsk\u00fdch venkovsk\u00fdch oblast\u00ed\u201c, kter\u00e1 se konala ve dnech 22. \u2013 26. b\u0159ezna 2021 a kterou uspo\u0159\u00e1dala Evropsk\u00e1 s\u00ed\u0165 pro rozvoj venkova (ENRD) v \u00fazk\u00e9 spolupr\u00e1ci s Evropskou komis\u00ed. &nbsp;","_links":{"self":[{"href":"https:\/\/kit.pef.czu.cz\/en\/wp-json\/wp\/v2\/posts\/8812","targetHints":{"allow":["GET"]}}],"collection":[{"href":"https:\/\/kit.pef.czu.cz\/en\/wp-json\/wp\/v2\/posts"}],"about":[{"href":"https:\/\/kit.pef.czu.cz\/en\/wp-json\/wp\/v2\/types\/post"}],"author":[{"embeddable":true,"href":"https:\/\/kit.pef.czu.cz\/en\/wp-json\/wp\/v2\/users\/1"}],"replies":[{"embeddable":true,"href":"https:\/\/kit.pef.czu.cz\/en\/wp-json\/wp\/v2\/comments?post=8812"}],"version-history":[{"count":0,"href":"https:\/\/kit.pef.czu.cz\/en\/wp-json\/wp\/v2\/posts\/8812\/revisions"}],"wp:attachment":[{"href":"https:\/\/kit.pef.czu.cz\/en\/wp-json\/wp\/v2\/media?parent=8812"}],"wp:term":[{"taxonomy":"category","embeddable":true,"href":"https:\/\/kit.pef.czu.cz\/en\/wp-json\/wp\/v2\/categories?post=8812"},{"taxonomy":"post_tag","embeddable":true,"href":"https:\/\/kit.pef.czu.cz\/en\/wp-json\/wp\/v2\/tags?post=8812"}],"curies":[{"name":"wp","href":"https:\/\/api.w.org\/{rel}","templated":true}]}}