{"id":8811,"date":"2021-01-30T00:00:00","date_gmt":"2021-01-29T23:00:00","guid":{"rendered":"http:\/\/kit.pef.czu.cz\/nezarazene\/polirural-newsletter-6\/"},"modified":"2023-08-22T18:23:47","modified_gmt":"2023-08-22T16:23:47","slug":"polirural-newsletter-6","status":"publish","type":"post","link":"https:\/\/kit.pef.czu.cz\/en\/zpravy-akce-prednasky\/polirural-newsletter-6\/","title":{"rendered":"PoliRural Newsletter 6"},"content":{"rendered":"<p style=\"text-align: justify;\"><strong>The Vidzeme region in Latvia is still in its active period, as within the Vidzeme project it is implementing pilot activities and preparing the Regional Development Program for the period 2021-2027. The process takes place with the strong participation of professionals in the field, stakeholders at different policy levels, &quot;newcomers&quot; in the countryside, representatives of the research sector and local communities. A group of these stakeholders also forms a regional panel that is established for oversight and advisory purposes.<\/strong><\/p>\n<p>&nbsp;<\/p>\n<p><iframe src=\"https:\/\/polirural.eu\/newsletter\/6\/CZ\/\" width=\"100%\" height=\"800px\"><\/iframe><\/p>","protected":false},"excerpt":{"rendered":"<p>The Vidzeme region in Latvia is still in its active period, as within the Vidzeme project it is implementing pilot activities and preparing the Regional Development Program for the period 2021-2027. The process takes place with the strong participation of professionals in the field, stakeholders at different policy levels, &quot;newcomers&quot; in the countryside, representatives of the research sector and local communities. A group of these stakeholders also forms a regional panel that is established for oversight and advisory purposes. &nbsp;<\/p>","protected":false},"author":1,"featured_media":0,"comment_status":"closed","ping_status":"open","sticky":false,"template":"","format":"standard","meta":{"_eb_attr":"","_uag_custom_page_level_css":"","ngg_post_thumbnail":0,"footnotes":""},"categories":[49],"tags":[],"class_list":["post-8811","post","type-post","status-publish","format-standard","hentry","category-zpravy"],"uagb_featured_image_src":{"full":false,"thumbnail":false,"medium":false,"medium_large":false,"large":false,"1536x1536":false,"2048x2048":false,"trp-custom-language-flag":false},"uagb_author_info":{"display_name":"admin","author_link":"https:\/\/kit.pef.czu.cz\/en\/zpravy-akce-prednasky\/author\/admin\/"},"uagb_comment_info":0,"uagb_excerpt":"Region Vidzeme v Loty\u0161sku je st\u00e1le ve sv\u00e9m aktivn\u00edm obdob\u00ed, proto\u017ee v r\u00e1mci projektu Vidzeme realizuje pilotn\u00ed aktivity a zpracov\u00e1v\u00e1 Program region\u00e1ln\u00edho rozvoje na obdob\u00ed 2021-2027. Proces prob\u00edh\u00e1 za siln\u00e9 \u00fa\u010dasti profesion\u00e1l\u016f v oboru, z\u00fa\u010dastn\u011bn\u00fdch stran na r\u016fzn\u00fdch \u00farovn\u00edch politiky, \u201enov\u00e1\u010dk\u016f\u201c na venkov\u011b, z\u00e1stupc\u016f v\u00fdzkumn\u00e9ho sektoru a m\u00edstn\u00edch komunit. Skupina t\u011bchto z\u00fa\u010dastn\u011bn\u00fdch stran rovn\u011b\u017e tvo\u0159\u00ed&hellip;","_links":{"self":[{"href":"https:\/\/kit.pef.czu.cz\/en\/wp-json\/wp\/v2\/posts\/8811","targetHints":{"allow":["GET"]}}],"collection":[{"href":"https:\/\/kit.pef.czu.cz\/en\/wp-json\/wp\/v2\/posts"}],"about":[{"href":"https:\/\/kit.pef.czu.cz\/en\/wp-json\/wp\/v2\/types\/post"}],"author":[{"embeddable":true,"href":"https:\/\/kit.pef.czu.cz\/en\/wp-json\/wp\/v2\/users\/1"}],"replies":[{"embeddable":true,"href":"https:\/\/kit.pef.czu.cz\/en\/wp-json\/wp\/v2\/comments?post=8811"}],"version-history":[{"count":0,"href":"https:\/\/kit.pef.czu.cz\/en\/wp-json\/wp\/v2\/posts\/8811\/revisions"}],"wp:attachment":[{"href":"https:\/\/kit.pef.czu.cz\/en\/wp-json\/wp\/v2\/media?parent=8811"}],"wp:term":[{"taxonomy":"category","embeddable":true,"href":"https:\/\/kit.pef.czu.cz\/en\/wp-json\/wp\/v2\/categories?post=8811"},{"taxonomy":"post_tag","embeddable":true,"href":"https:\/\/kit.pef.czu.cz\/en\/wp-json\/wp\/v2\/tags?post=8811"}],"curies":[{"name":"wp","href":"https:\/\/api.w.org\/{rel}","templated":true}]}}