{"id":2270,"date":"2020-02-06T00:00:00","date_gmt":"2020-02-05T23:00:00","guid":{"rendered":"http:\/\/kit.pef.czu.cz\/nezarazene\/kurz-excel-for-business-jiz-popate-za-sebou\/"},"modified":"2023-08-22T18:23:42","modified_gmt":"2023-08-22T16:23:42","slug":"kurz-excel-for-business-jiz-popate-za-sebou","status":"publish","type":"post","link":"https:\/\/kit.pef.czu.cz\/en\/zpravy-akce-prednasky\/kurz-excel-for-business-jiz-popate-za-sebou\/","title":{"rendered":"Excel for Business course for the fifth time in a row"},"content":{"rendered":"<p style=\"text-align: justify;\"><strong>The optional Excel for Business course has already been completed by 45 students and is very popular.<\/strong><\/p>\n<p>&nbsp;<\/p>\n<p>The optional Excel for Business course will be open for the fifth semester in a row. Since the beginning, 45 students have completed the course, who have learned to work at an intermediate level with analytical tools and functions that belong to the necessary equipment of all professionals in many companies. Teaching takes place in English and in the English version of Excel 365<\/p>\n<p>Graduates of the course will receive <a href=\"\/en\/files\/certifikace\/Excel_for_Business_sample.png\/\" target=\"_blank\" rel=\"noopener\">certificate<\/a> published by the Department of Information Technologies PEF \u010cZU. The next run of the course starts on February 18, 2020. Register here:\u00a0<a href=\"\/en\/events\/default\/118\/\" target=\"_blank\" rel=\"noopener\">https:\/\/kit.pef.czu.cz\/events\/default\/118<\/a><\/p>","protected":false},"excerpt":{"rendered":"<p>The optional Excel for Business course has already been completed by 45 students and is very popular.  The optional Excel for Business course will be open for the fifth semester in a row. Since the beginning, 45 students have completed the course, who have learned to work at an intermediate level with analytical tools and functions that belong to the necessary equipment of all professionals in many companies. Teaching takes place in English and in the English version of Excel 365. Graduates of the course will receive a certificate issued by the Department of Information Technologies PEF CZU. The next course starts on February 18, 2020. Registration here: https:\/\/kit.pef.czu.cz\/events\/default\/118<\/p>","protected":false},"author":1,"featured_media":0,"comment_status":"closed","ping_status":"open","sticky":false,"template":"","format":"standard","meta":{"_eb_attr":"","_uag_custom_page_level_css":"","ngg_post_thumbnail":0,"footnotes":""},"categories":[46,49],"tags":[],"class_list":["post-2270","post","type-post","status-publish","format-standard","hentry","category-akce","category-zpravy"],"uagb_featured_image_src":{"full":false,"thumbnail":false,"medium":false,"medium_large":false,"large":false,"1536x1536":false,"2048x2048":false,"trp-custom-language-flag":false},"uagb_author_info":{"display_name":"admin","author_link":"https:\/\/kit.pef.czu.cz\/en\/zpravy-akce-prednasky\/author\/admin\/"},"uagb_comment_info":0,"uagb_excerpt":"Voliteln\u00fd kurz Excel for Business ji\u017e absolvovalo 45 student\u016f a t\u011b\u0161\u00ed se velk\u00e9 oblib\u011b. &nbsp; Voliteln\u00fd kurz Excel for Business bude otev\u0159en ji\u017e p\u00e1t\u00fd semestr za sebou. Od za\u010d\u00e1tku kurz absolvovalo 45 student\u016f, kte\u0159\u00ed se nau\u010dili pracovat na st\u0159edn\u011b pokro\u010dil\u00e9 \u00farovni s analytick\u00fdmi n\u00e1stroji a funkcemi, kter\u00e9 pat\u0159\u00ed do nezbytn\u00e9 v\u00fdbavy v\u0161ech profesion\u00e1l\u016f v mnoha&hellip;","_links":{"self":[{"href":"https:\/\/kit.pef.czu.cz\/en\/wp-json\/wp\/v2\/posts\/2270","targetHints":{"allow":["GET"]}}],"collection":[{"href":"https:\/\/kit.pef.czu.cz\/en\/wp-json\/wp\/v2\/posts"}],"about":[{"href":"https:\/\/kit.pef.czu.cz\/en\/wp-json\/wp\/v2\/types\/post"}],"author":[{"embeddable":true,"href":"https:\/\/kit.pef.czu.cz\/en\/wp-json\/wp\/v2\/users\/1"}],"replies":[{"embeddable":true,"href":"https:\/\/kit.pef.czu.cz\/en\/wp-json\/wp\/v2\/comments?post=2270"}],"version-history":[{"count":0,"href":"https:\/\/kit.pef.czu.cz\/en\/wp-json\/wp\/v2\/posts\/2270\/revisions"}],"wp:attachment":[{"href":"https:\/\/kit.pef.czu.cz\/en\/wp-json\/wp\/v2\/media?parent=2270"}],"wp:term":[{"taxonomy":"category","embeddable":true,"href":"https:\/\/kit.pef.czu.cz\/en\/wp-json\/wp\/v2\/categories?post=2270"},{"taxonomy":"post_tag","embeddable":true,"href":"https:\/\/kit.pef.czu.cz\/en\/wp-json\/wp\/v2\/tags?post=2270"}],"curies":[{"name":"wp","href":"https:\/\/api.w.org\/{rel}","templated":true}]}}