{"id":2240,"date":"2019-10-21T00:00:00","date_gmt":"2019-10-20T22:00:00","guid":{"rendered":"http:\/\/kit.pef.czu.cz\/nezarazene\/cyklus-prednasek-odborniku-z-praxe-zs-2019-2020\/"},"modified":"2023-08-22T18:23:40","modified_gmt":"2023-08-22T16:23:40","slug":"cyklus-prednasek-odborniku-z-praxe-zs-2019-2020","status":"publish","type":"post","link":"https:\/\/kit.pef.czu.cz\/en\/zpravy-akce-prednasky\/cyklus-prednasek-odborniku-z-praxe-zs-2019-2020\/","title":{"rendered":"Cycle of lectures by experts from practice WS 2019\/2020"},"content":{"rendered":"<p style=\"text-align: justify;\"><strong>In WS 2019\/2020, the Department of Information Technologies organizes a separate cycle of professional lectures on current topics in the field of Information and Communication Technologies. Out of a total of eight lectures offered, two are in English (for students of English majors and other interested parties). The next cycle of lectures will take place in LS (period February to April).<\/strong><\/p>\n<p>&nbsp;<\/p>\n<p>The main goal is to enrich and supplement the standard teaching, support the competitiveness of graduates on the labor market and further deepen the department&#039;s cooperation with practice.<\/p>\n<p>In addition to the lecture&#039;s own thematic content, participating companies can also offer students cooperation in the form of professional internships, BP or DP topics, participation in projects, etc.<\/p>\n<p>The chosen target group in ZS are students of the field of Informatics, as well as students of the economic-managerial fields of Business and Administration and Operations and Economics, 2nd years of bachelor&#039;s, 1st and 2nd years of subsequent master&#039;s studies. The lectures concern the subjects Web design, Computer networks, Internet technologies Client Side, ICT for managers and their equivalents in English Computer Networks, Internet Technologies Client Side, ICT for managers, Information Systems and Business Information Systems.<\/p>\n<p>Students are required to attend at least one specialist lecture (or two, if specified in the subject) of their own choice from the given cycle (credit condition). Of course, a student can also register for more lectures. Login takes place through the forms on the wp website (see below). The series of lectures runs from October 21, 2019, every Monday from 3:45 p.m. to December 16, 2019, capacity is limited by the size of the available auditorium, which is the auditorium in ZS <strong>EIV, D207 (approx. 65 places)<\/strong>. <strong>In this cycle, no substitute lecture is planned during the exam period<\/strong>, because there is sufficient seat capacity. For great interest in the lectures offered <span style=\"text-decoration: underline;\">are in selected cases<\/span> auditoriums provided\u00a0<strong>EI, EIII<\/strong>, where the available capacity is 140 places.<\/p>\n<p><span style=\"background-color: #ccffff; color: #000000;\"><a style=\"background-color: #ccffff; color: #000000;\" href=\"\/en\/informace-k-systemu-dochazky-na-cyklus-prednasek-odborniku-z-praxe-ict\/\"><span style=\"text-decoration: underline;\"><strong>Read carefully the Information on the system of attendance at the Cycle of lectures by ICT experts<\/strong><\/span><\/a><\/span><\/p>\n<p>Students can register for lectures from October 7, 2019 via the department&#039;s website:<\/p>\n<p>\u00a0<\/p>\n<table class=\"table\" style=\"width: 100%; height: 515px;\">\n<thead>\n<tr style=\"height: 13px;\">\n<td style=\"height: 13px; width: 110px;\"><span style=\"font-size: 1.2em;\"><strong>Date<\/strong><\/span><\/td>\n<td style=\"height: 13px; width: 284px;\"><span style=\"font-size: 1.2em;\"><strong>Topic of the lecture<\/strong><\/span><\/td>\n<td style=\"height: 13px; width: 215px;\"><span style=\"font-size: 1.2em;\"><strong>Lecturer<\/strong><\/span><\/td>\n<td style=\"height: 13px; width: 252px;\"><span style=\"font-size: 1.2em;\"><strong>Company, position<\/strong><\/span><\/td>\n<td style=\"height: 13px; width: 128px;\"><span style=\"font-size: 1.2em;\"><strong>Room<\/strong><\/span><\/td>\n<td style=\"height: 13px; width: 87px;\">\u00a0<\/td>\n<\/tr>\n<\/thead>\n<tbody>\n<tr style=\"height: 13px;\">\n<td style=\"height: 13px; width: 110px;\"><strong>21. 10. 2019<\/strong><\/td>\n<td style=\"height: 13px; width: 284px;\"><strong>SAP@\u0160koda Auto<\/strong><\/td>\n<td style=\"width: 215px; height: 13px;\">\n<p><strong>Vojt\u011bch Mik\u00e1t<br \/><\/strong><\/p>\n<\/td>\n<td style=\"width: 252px; height: 13px;\"><strong>\u0160KODA AUTO, as<\/strong><\/td>\n<td style=\"width: 128px; height: 13px;\"><strong>EIII<\/strong><\/td>\n<td style=\"height: 13px; width: 87px;\"><a href=\"https:\/\/www.youtube.com\/watch?v=Oudrsx5R-ic\"><strong>Record<\/strong><\/a><\/td>\n<\/tr>\n<tr style=\"height: 13px;\">\n<td style=\"height: 13px; width: 1106px;\" colspan=\"6\">\n<div>SAP products play a significant role in the IT world on a global scale. The integration of these products has been taking place at \u0160koda since 1992 and currently covers most of the company&#039;s business processes.<\/div>\n<div>Today, the \u0160koda company in the Czech Republic is at the forefront of implementing the most modern SAP products, as evidenced by the creation of the SAP Group Competence Center, which provides SAP services within the Volkswagen Group. The aim of the lecture is to introduce students to the topic of SAP and its integration in \u0160A and serves as an entry point to the teaching of the subject Introduction to SAP.<\/div>\n<\/td>\n<\/tr>\n<tr style=\"height: 13px;\">\n<td style=\"height: 13px; width: 110px;\"><span style=\"color: #ff6600;\"><strong>4. 11. 2019<\/strong><\/span><\/td>\n<td style=\"width: 284px; height: 13px;\">\n<p><span style=\"color: #ff6600;\"><strong>Zero Trust Security Architecture<\/strong><\/span><\/p>\n<p><span style=\"color: #ff6600;\"><strong>Don&#039;t trust anyone and anything in your network<\/strong><\/span><\/p>\n<\/td>\n<td style=\"width: 215px; height: 13px;\">\n<p><span style=\"color: #ff6600;\"><strong>Andrej Jelenik<br \/><\/strong><\/span><\/p>\n<\/td>\n<td style=\"width: 252px; height: 13px;\"><span style=\"color: #ff6600;\"><strong>CISCO Systems (Czech Republic) Ltd<\/strong><\/span><\/td>\n<td style=\"width: 128px; height: 13px;\"><span style=\"color: #ff6600;\"><strong>EI<\/strong><\/span><\/td>\n<td style=\"height: 13px; width: 87px;\"><a href=\"https:\/\/www.youtube.com\/watch?v=yhmcVeyV9UY\"><strong>Record<\/strong><\/a><\/td>\n<\/tr>\n<tr style=\"height: 13px;\">\n<td style=\"height: 13px; width: 1106px;\" colspan=\"6\">\n<div><span style=\"color: #ff6600;\"><em>A journey of Zero Trust Architecture. From brave thoughts to generalized term. What does ZTA stand for? What are the main pillars of ZTA? How it was defined in the beginning and how we see it today after 15 years of evolution. What are specific elements of ZTA and why do we need them to accomplish the mission? Answers to previous questions and more you will get to know during this seminar.<\/em><\/span><\/div>\n<\/td>\n<\/tr>\n<tr style=\"height: 13px;\">\n<td style=\"height: 13px; width: 110px;\"><span style=\"color: #000000;\"><strong>11. 11. 2019<\/strong><\/span><\/td>\n<td style=\"width: 284px; height: 13px;\">\n<p><span style=\"color: #000000;\"><strong>Intelligent control in irrigation systems<br \/><\/strong><\/span><\/p>\n<\/td>\n<td style=\"width: 215px; height: 13px;\">\n<p><span style=\"color: #000000;\"><strong>Nadia Bratkova<br \/><\/strong><\/span><\/p>\n<\/td>\n<td style=\"width: 252px; height: 13px;\"><span style=\"color: #000000;\"><strong>ITTEC, sro<br \/><\/strong><\/span><\/td>\n<td style=\"width: 128px; height: 13px;\"><span style=\"color: #000000;\"><strong>EIV<\/strong><\/span><\/td>\n<td style=\"height: 13px; width: 87px;\">\n<p><strong>Record<\/strong><\/p>\n<p>\u00a0<\/p>\n<\/td>\n<\/tr>\n<tr style=\"height: 83px;\">\n<td style=\"width: 1106px; height: 106px;\" colspan=\"6\">\n<p>Introduction to applied information technology in irrigation systems on private, commercial, public and sports grounds. Comparison of individual solutions on samples from realizations.<\/p>\n<\/td>\n<\/tr>\n<tr style=\"height: 13px;\">\n<td style=\"height: 13px; width: 110px;\"><strong>18. 11. 2019<\/strong><\/td>\n<td style=\"width: 284px; height: 13px;\">\n<p><strong>Virtual reality@\u0160koda Auto<br \/><\/strong><\/p>\n<\/td>\n<td style=\"width: 215px; height: 13px;\">\n<p><strong>Leos the Red<br \/><\/strong><\/p>\n<\/td>\n<td style=\"width: 252px; height: 13px;\"><strong>\u0160KODA AUTO, as<\/strong><\/td>\n<td style=\"width: 128px; height: 13px;\"><strong>D207<br \/><\/strong><\/td>\n<td style=\"height: 13px; width: 87px;\"><a href=\"https:\/\/www.youtube.com\/watch?v=5DOFbJda7VQ\"><strong>Record<\/strong><\/a><\/td>\n<\/tr>\n<tr style=\"height: 10px;\">\n<td style=\"width: 1106px; height: 10px;\" colspan=\"6\">\n<p>Virtual reality has been an integral part of the automotive industry for many years. It is used from the design of cars, through the preparation and planning of production, quality assurance, during sales and marketing, as well as for the internal processes of the company itself. The first car where VR was used at \u0160koda Auto was the first generation Fabia. Today \u0160koda is at the forefront of the use of the most modern VR technology.<\/p>\n<\/td>\n<\/tr>\n<tr style=\"height: 13px;\">\n<td style=\"height: 13px; width: 110px;\"><span style=\"color: #ff6600;\"><strong>25. 11. 2019<\/strong><\/span><\/td>\n<td style=\"width: 284px; height: 13px;\">\n<p><span style=\"color: #ff6600;\"><strong>Introduction to Product Management<\/strong><\/span><\/p>\n<\/td>\n<td style=\"width: 215px; height: 13px;\">\n<p><span style=\"color: #ff6600;\"><strong>Barbora V\u00e1clavikov\u00e1<br \/><\/strong><\/span><\/p>\n<\/td>\n<td style=\"width: 252px; height: 13px;\"><span style=\"color: #ff6600;\"><strong>SAP Concur (Czech) Ltd<br \/><\/strong><\/span><\/td>\n<td style=\"width: 128px; height: 13px;\"><span style=\"color: #ff6600;\"><strong>EI<br \/><\/strong><\/span><\/td>\n<td style=\"height: 13px; width: 87px;\"><strong>Record<\/strong><\/td>\n<\/tr>\n<tr style=\"height: 64px;\">\n<td style=\"width: 1106px; height: 64px;\" colspan=\"6\">\n<p><span style=\"color: #ff6600;\">This lecture offers a succinct overview of Product Management \u2013 how to create a successful product, whenever it is a piece of software, service or a practical product. The lecture focuses on Product Management as a whole, focused on the creation of products as done in modern startups or large companies.<\/span><\/p>\n<\/td>\n<\/tr>\n<tr style=\"height: 13px;\">\n<td style=\"height: 13px; width: 110px;\"><strong>2. 12. 2019<\/strong><\/td>\n<td style=\"width: 284px; height: 13px;\">\n<p><strong>Investing in startups not only in ICT<\/strong><\/p>\n<\/td>\n<td style=\"width: 215px; height: 13px;\">\n<p><strong>Jaroslav Men\u010d\u00edk<br \/><\/strong><\/p>\n<\/td>\n<td style=\"width: 252px; height: 13px;\"><strong><strong>Mavericks attorneys sro<\/strong><\/strong><strong><br \/><\/strong><\/td>\n<td style=\"width: 128px; height: 13px;\"><strong>EIV<\/strong><\/td>\n<td style=\"height: 13px; width: 87px;\"><a href=\"https:\/\/www.youtube.com\/watch?v=GYpp7__H0zQ\"><strong>Record<\/strong><\/a><\/td>\n<\/tr>\n<tr style=\"height: 118px;\">\n<td style=\"width: 1106px; height: 118px;\" colspan=\"6\">\n<p>In the lecture, you will learn where technology startups get funding to overcome the valley of death so that they can one day become billion dollar unicorns? Based on our experience with more than 60 investments in startups, you will be introduced not only to the legal and business aspects of their financing and the structuring of so-called venture capital transactions, when an external investor provides a startup with an investment in order to support its further development and rapid growth. During the lecture, we will explain what a term sheet is and what its common requirements are, and we will also present typical contractual provisions appearing in investment contracts (preferential shares, vesting, drag-along, tag-along, dilution of shares, etc.).\u00a0<\/p>\n<\/td>\n<\/tr>\n<tr style=\"height: 13px;\">\n<td style=\"height: 13px; width: 110px;\"><strong>9. 12. 2019<\/strong><\/td>\n<td style=\"width: 284px; height: 13px;\">\n<p><strong>Technology to acquire <br \/>and data processing in precision agriculture<\/strong><\/p>\n<\/td>\n<td style=\"width: 215px; height: 13px;\">\n<p><strong>Ond\u0159ej Perl\u00edk<br \/><\/strong><\/p>\n<\/td>\n<td style=\"width: 252px; height: 13px;\"><strong>John Deere, STROM PRAHA, as<\/strong><strong><br \/><\/strong><\/td>\n<td style=\"width: 128px; height: 13px;\"><strong>EIV<\/strong><\/td>\n<td style=\"height: 13px; width: 87px;\"><strong>Record<\/strong><\/td>\n<\/tr>\n<tr style=\"height: 0px;\">\n<td style=\"width: 1106px; height: 10px;\" colspan=\"6\">\n<p>The lecture will begin with an introduction to the issue of navigation systems used for applications not only in agriculture. Based on our experience, systems for processing agronomic data, telematics of agricultural machines and their subsequent use for the engineering of new components for precise applications in agriculture will be presented. We will also present the ISOBUS standards as a basic communication channel and the ISO-XML format as a universal format across the platforms of individual component manufacturers.<\/p>\n<\/td>\n<\/tr>\n<tr style=\"height: 13px;\">\n<td style=\"height: 13px; width: 110px;\"><strong>16. 12. 2019<\/strong><\/td>\n<td style=\"width: 284px; height: 13px;\">\n<p><strong>Use of Big Data in the enterprise<br \/><\/strong><\/p>\n<\/td>\n<td style=\"width: 215px; height: 13px;\">\n<p><strong>Martin Drabek<br \/><\/strong><\/p>\n<\/td>\n<td style=\"width: 252px; height: 13px;\"><strong>Assist spol. s.r.o<\/strong><strong><br \/><\/strong><\/td>\n<td style=\"width: 128px; height: 13px;\"><strong>EIV<\/strong><\/td>\n<td style=\"height: 13px; width: 87px;\"><strong>Record<\/strong><\/td>\n<\/tr>\n<tr style=\"height: 64px;\">\n<td style=\"width: 1106px; height: 64px;\" colspan=\"6\">\n<p>BIG DATA is a term that can be encountered in a large number of fields. The lecture presents an introduction to this phenomenon, defines it and carries out its basic characteristics along with an insight into its processing in business practice.<\/p>\n<\/td>\n<\/tr>\n<\/tbody>\n<\/table>\n<p>\u00a0<\/p>","protected":false},"excerpt":{"rendered":"<p>In WS 2019\/2020, the Department of Information Technologies organizes a separate cycle of professional lectures on current topics in the field of Information and Communication Technologies. Out of a total of eight lectures offered, two are in English (for students of English majors and other interested parties). The next cycle of lectures will take place in LS (period February to April).  The main goal is to enrich and supplement the standard teaching, support the competitiveness of graduates on the labor market and further deepen the department&#039;s cooperation with practice. In addition to the lecture&#039;s own thematic content, the participating companies can also offer students cooperation in the form of professional internships, BP or DP topics, participation in projects, etc. The selected target group is<\/p>","protected":false},"author":1,"featured_media":0,"comment_status":"closed","ping_status":"open","sticky":false,"template":"","format":"standard","meta":{"_eb_attr":"","_uag_custom_page_level_css":"","ngg_post_thumbnail":0,"footnotes":""},"categories":[46,48],"tags":[],"class_list":["post-2240","post","type-post","status-publish","format-standard","hentry","category-akce","category-prednasky"],"uagb_featured_image_src":{"full":false,"thumbnail":false,"medium":false,"medium_large":false,"large":false,"1536x1536":false,"2048x2048":false,"trp-custom-language-flag":false},"uagb_author_info":{"display_name":"admin","author_link":"https:\/\/kit.pef.czu.cz\/en\/zpravy-akce-prednasky\/author\/admin\/"},"uagb_comment_info":0,"uagb_excerpt":"Katedra informa\u010dn\u00edch technologi\u00ed po\u0159\u00e1d\u00e1 v ZS 2019\/2020 samostatn\u00fd cyklus odborn\u00fdch p\u0159edn\u00e1\u0161ek na aktu\u00e1ln\u00ed t\u00e9mata z oblasti Informa\u010dn\u00edch a komunika\u010dn\u00edch technologi\u00ed. Z celkem osmi nab\u00edzen\u00fdch p\u0159edn\u00e1\u0161ek jsou dv\u011b v anglick\u00e9m jazyce (pro studenty anglick\u00fdch obor\u016f i dal\u0161\u00ed z\u00e1jemce). Dal\u0161\u00ed cyklus p\u0159edn\u00e1\u0161ek bude prob\u00edhat v LS (obdob\u00ed \u00fanor a\u017e duben). &nbsp; C\u00edlem je p\u0159edev\u0161\u00edm obohacen\u00ed a dopln\u011bn\u00ed&hellip;","_links":{"self":[{"href":"https:\/\/kit.pef.czu.cz\/en\/wp-json\/wp\/v2\/posts\/2240","targetHints":{"allow":["GET"]}}],"collection":[{"href":"https:\/\/kit.pef.czu.cz\/en\/wp-json\/wp\/v2\/posts"}],"about":[{"href":"https:\/\/kit.pef.czu.cz\/en\/wp-json\/wp\/v2\/types\/post"}],"author":[{"embeddable":true,"href":"https:\/\/kit.pef.czu.cz\/en\/wp-json\/wp\/v2\/users\/1"}],"replies":[{"embeddable":true,"href":"https:\/\/kit.pef.czu.cz\/en\/wp-json\/wp\/v2\/comments?post=2240"}],"version-history":[{"count":0,"href":"https:\/\/kit.pef.czu.cz\/en\/wp-json\/wp\/v2\/posts\/2240\/revisions"}],"wp:attachment":[{"href":"https:\/\/kit.pef.czu.cz\/en\/wp-json\/wp\/v2\/media?parent=2240"}],"wp:term":[{"taxonomy":"category","embeddable":true,"href":"https:\/\/kit.pef.czu.cz\/en\/wp-json\/wp\/v2\/categories?post=2240"},{"taxonomy":"post_tag","embeddable":true,"href":"https:\/\/kit.pef.czu.cz\/en\/wp-json\/wp\/v2\/tags?post=2240"}],"curies":[{"name":"wp","href":"https:\/\/api.w.org\/{rel}","templated":true}]}}