{"id":2196,"date":"2018-12-05T00:00:00","date_gmt":"2018-12-04T23:00:00","guid":{"rendered":"http:\/\/kit.pef.czu.cz\/nezarazene\/enterprise-architecture-ve-verejne-sprave\/"},"modified":"2023-08-22T18:23:36","modified_gmt":"2023-08-22T16:23:36","slug":"enterprise-architecture-ve-verejne-sprave","status":"publish","type":"post","link":"https:\/\/kit.pef.czu.cz\/en\/zpravy-akce-prednasky\/enterprise-architecture-ve-verejne-sprave\/","title":{"rendered":"Enterprise Architecture in Public Administration"},"content":{"rendered":"<p style=\"text-align: justify;\"><strong>Lecture Enterprise Architecture in Public Administration - Ing. Martin Luk\u00e1\u0161, Ph.D. (CENIA) \u2013 December 5, 2018 at 5:30 p.m. in the EI auditorium (subject Information systems in state administration and self-government).<\/strong><\/p>\n<p>&nbsp;<\/p>\n<p>In case of interest from outside the target group (ISSS course students), participation in the lecture is possible until the capacity of the lecture room is filled.<\/p>","protected":false},"excerpt":{"rendered":"<p>Lecture Enterprise Architecture in Public Administration - Ing. Martin Luk\u00e1\u0161, Ph.D. (CENIA) \u2013 December 5, 2018 at 5:30 p.m. in the EI auditorium (subject Information systems in state administration and self-government).  In case of interest from outside the target group (ISSS course students), participation in the lecture is possible until the capacity of the lecture room is filled.<\/p>","protected":false},"author":1,"featured_media":0,"comment_status":"closed","ping_status":"open","sticky":false,"template":"","format":"standard","meta":{"_eb_attr":"","_uag_custom_page_level_css":"","ngg_post_thumbnail":0,"footnotes":""},"categories":[46,48],"tags":[],"class_list":["post-2196","post","type-post","status-publish","format-standard","hentry","category-akce","category-prednasky"],"uagb_featured_image_src":{"full":false,"thumbnail":false,"medium":false,"medium_large":false,"large":false,"1536x1536":false,"2048x2048":false,"trp-custom-language-flag":false},"uagb_author_info":{"display_name":"admin","author_link":"https:\/\/kit.pef.czu.cz\/en\/zpravy-akce-prednasky\/author\/admin\/"},"uagb_comment_info":0,"uagb_excerpt":"P\u0159edn\u00e1\u0161ka Enterprise Architecture ve ve\u0159ejn\u00e9 spr\u00e1v\u011b &#8211; Ing. Martin Luk\u00e1\u0161, Ph.D. (CENIA) &#8211; 5. 12. 2018 v 17:30 hodin v posluch\u00e1rn\u011b EI (p\u0159edm\u011bt Informa\u010dn\u00ed syst\u00e9my ve st\u00e1tn\u00ed spr\u00e1v\u011b a samospr\u00e1v\u011b). &nbsp; V p\u0159\u00edpad\u011b z\u00e1jmu mimo c\u00edlovou skupinu (studenty p\u0159edm\u011btu ISSS) je \u00fa\u010dast na p\u0159edn\u00e1\u0161ce mo\u017en\u00e1 do napln\u011bn\u00ed kapacity p\u0159edn\u00e1\u0161kov\u00e9 m\u00edstnosti.","_links":{"self":[{"href":"https:\/\/kit.pef.czu.cz\/en\/wp-json\/wp\/v2\/posts\/2196","targetHints":{"allow":["GET"]}}],"collection":[{"href":"https:\/\/kit.pef.czu.cz\/en\/wp-json\/wp\/v2\/posts"}],"about":[{"href":"https:\/\/kit.pef.czu.cz\/en\/wp-json\/wp\/v2\/types\/post"}],"author":[{"embeddable":true,"href":"https:\/\/kit.pef.czu.cz\/en\/wp-json\/wp\/v2\/users\/1"}],"replies":[{"embeddable":true,"href":"https:\/\/kit.pef.czu.cz\/en\/wp-json\/wp\/v2\/comments?post=2196"}],"version-history":[{"count":0,"href":"https:\/\/kit.pef.czu.cz\/en\/wp-json\/wp\/v2\/posts\/2196\/revisions"}],"wp:attachment":[{"href":"https:\/\/kit.pef.czu.cz\/en\/wp-json\/wp\/v2\/media?parent=2196"}],"wp:term":[{"taxonomy":"category","embeddable":true,"href":"https:\/\/kit.pef.czu.cz\/en\/wp-json\/wp\/v2\/categories?post=2196"},{"taxonomy":"post_tag","embeddable":true,"href":"https:\/\/kit.pef.czu.cz\/en\/wp-json\/wp\/v2\/tags?post=2196"}],"curies":[{"name":"wp","href":"https:\/\/api.w.org\/{rel}","templated":true}]}}