{"id":2164,"date":"2017-12-15T07:00:10","date_gmt":"2017-12-15T06:00:10","guid":{"rendered":"http:\/\/kit.pef.czu.cz\/nezarazene\/cyklus-prednasek-odborniku-z-praxe-z-oblasti-ict-zs-2017-2018\/"},"modified":"2023-11-02T10:08:53","modified_gmt":"2023-11-02T09:08:53","slug":"cyklus-prednasek-odborniku-z-praxe-z-oblasti-ict-zs-2017-2018","status":"publish","type":"post","link":"https:\/\/kit.pef.czu.cz\/en\/zpravy-akce-prednasky\/cyklus-prednasek-odborniku-z-praxe-z-oblasti-ict-zs-2017-2018\/","title":{"rendered":"Cycle of lectures by ICT experts (WY 2017\/2018)"},"content":{"rendered":"<p style=\"text-align: justify;\"><strong>Katedra informa\u010dn\u00edch technologi\u00ed po\u0159\u00e1d\u00e1 v ZS 2017\/2018 ji\u017e druh\u00fd samostatn\u00fd cyklus odborn\u00fdch p\u0159edn\u00e1\u0161ek na aktu\u00e1ln\u00ed t\u00e9mata z oblasti Informa\u010dn\u00edch a komunika\u010dn\u00edch technologi\u00ed. Z celkem deseti nab\u00edzen\u00fdch p\u0159edn\u00e1\u0161ek jsou dv\u011b v anglick\u00e9m jazyce (pro studenty anglick\u00fdch obor\u016f i dal\u0161\u00ed z\u00e1jemce). Cyklus p\u0159edn\u00e1\u0161ek prob\u00edh\u00e1 d\u00e1le v LS (obdob\u00ed b\u0159ezen a\u017e kv\u011bten).<\/strong><\/p>\n<p>&nbsp;<\/p>\n<p style=\"text-align: justify;\">C\u00edlem je p\u0159edev\u0161\u00edm obohacen\u00ed a dopln\u011bn\u00ed standardn\u00ed v\u00fduky, podpora konkurenceschopnosti absolvent\u016f na trhu pr\u00e1ce a dal\u0161\u00ed prohlouben\u00ed katedrov\u00e9 spolupr\u00e1ce s prax\u00ed.<\/p>\n<p style=\"text-align: justify;\">Student\u016fm je krom\u011b vlastn\u00edho tematick\u00e9ho obsahu p\u0159edn\u00e1\u0161ky tak\u00e9 \u010dasto nab\u00edzena spolupr\u00e1ce s p\u0159\u00edslu\u0161n\u00fdmi subjekty ve form\u011b odborn\u00fdch st\u00e1\u017e\u00ed, t\u00e9mat BP nebo DP, \u00fa\u010dast na projektech a dal\u0161\u00edch programech, apod.<\/p>\n<p style=\"text-align: justify;\">Zvolenou c\u00edlovou skupinou jsou v ZS studenti 3. \u2013 5. ro\u010dn\u00edku oboru Informatika (p\u0159edm\u011bty: Webdesign, Po\u010d\u00edta\u010dov\u00e9 s\u00edt\u011b, Internetov\u00e9 technologie &#8211; client side), d\u00e1le potom studenti 4. ro\u010dn\u00edku obor\u016f Podnik\u00e1n\u00ed a administrativa a Provoz a ekonomika v r\u00e1mci voliteln\u00e9ho p\u0159edm\u011btu ICT pro mana\u017eery v\u010detn\u011b ekvivalentn\u00edch p\u0159edm\u011bt\u016f v anglick\u00e9m jazyce (Webdesign, Computer networks, Internet technologies \u2013 client side, ICT for managers).<\/p>\n<p style=\"text-align: justify;\">Podrobnosti viz pravidla pro z\u00e1po\u010dty p\u0159\u00edslu\u0161n\u00e9ho p\u0159edm\u011btu.<\/p>\n<p style=\"text-align: justify;\">Studenti maj\u00ed za povinnost absolvovat minim\u00e1ln\u011b jednu odbornou p\u0159edn\u00e1\u0161ku dle vlastn\u00edho v\u00fdb\u011bru z dan\u00e9ho cyklu (podm\u00ednka z\u00e1po\u010dtu). P\u0159ihla\u0161ov\u00e1n\u00ed prob\u00edh\u00e1 prost\u0159ednictv\u00edm formul\u00e1\u0159\u016f na webu wp (viz n\u00ed\u017ee). Cyklus p\u0159edn\u00e1\u0161ek b\u011b\u017e\u00ed od <strong>23. \u0159\u00edjna 2017 <\/strong>v\u017edy v <strong>pond\u011bl\u00ed<\/strong> od<strong> 15:45<\/strong> do poloviny ledna 2018, kapacita je omezena velikost\u00ed disponibiln\u00ed posluch\u00e1rny, kterou je v ZS posluch\u00e1rna <strong>E IV (65 m\u00edst)<\/strong>.<\/p>\n<p>\u00a0<\/p>\n<p>P\u0159ihla\u0161ov\u00e1n\u00ed student\u016f na p\u0159edn\u00e1\u0161ky prob\u00edh\u00e1 od <strong>16. \u0159\u00edjna 2017<\/strong> prost\u0159ednictv\u00edm webu katedry:<\/p>\n<table class=\"table\" style=\"width: 100%;\">\n<thead>\n<tr style=\"height: 13px;\">\n<td style=\"height: 13px; width: 10%;\"><span style=\"font-size: 1.2em;\"><strong>Datum<\/strong><\/span><\/td>\n<td style=\"height: 13px; width: 29%;\"><span style=\"font-size: 1.2em;\"><strong>T\u00e9ma p\u0159edn\u00e1\u0161ky<\/strong><\/span><\/td>\n<td style=\"height: 13px; width: 16%;\"><span style=\"font-size: 1.2em;\"><strong>P\u0159edn\u00e1\u0161ej\u00edc\u00ed<\/strong><\/span><\/td>\n<td style=\"height: 13px; width: 21%;\"><span style=\"font-size: 1.2em;\"><strong>Spole\u010dnost, pozice<\/strong><\/span><\/td>\n<td style=\"height: 13px; width: 10.0868%;\"><span style=\"font-size: 1.2em;\"><strong>M\u00edstnost<\/strong><\/span><\/td>\n<td style=\"height: 13px; width: 10%;\">\u00a0<\/td>\n<\/tr>\n<\/thead>\n<tbody>\n<tr style=\"height: 13px;\">\n<td style=\"height: 13px; width: 10%;\"><strong>23.10.2017<\/strong><\/td>\n<td style=\"height: 13px; width: 29%;\">Mo\u017enosti uplatn\u011bn\u00ed p\u0159i spr\u00e1v\u011b, programov\u00e1n\u00ed a vyu\u017eit\u00ed dat na \u00dastavu zem\u011bd\u011blsk\u00e9 ekonomiky a informac\u00ed (\u00daZEI)<\/td>\n<td style=\"height: 13px; width: 16%;\">V\u00e1clav Voltr , Michal Marhoun, Michaela Leke\u0161ov\u00e1<\/td>\n<td style=\"height: 13px; width: 21%;\">\u00dastav zem\u011bd\u011blsk\u00e9 ekonomiky a informac\u00ed<\/td>\n<td style=\"height: 13px; width: 10.0868%;\">E IV<\/td>\n<td style=\"height: 13px; width: 10%;\"><a href=\"https:\/\/youtu.be\/Y-Nz7BDuEug\">Z\u00c1ZNAM<\/a><\/td>\n<\/tr>\n<tr style=\"height: 13px;\">\n<td style=\"height: 13px; width: 96.0868%;\" colspan=\"6\">\u00daZEI je zam\u011b\u0159en p\u0159edev\u0161\u00edm na pr\u00e1ci s datov\u00fdmi zdroji a zejm\u00e9na v posledn\u00edch letech p\u0159ib\u00fdv\u00e1 mo\u017enost\u00ed uplatn\u011bn\u00ed absolvent\u016f. Na p\u0159edn\u00e1\u0161ce budou prezentov\u00e1ny mo\u017enosti uplatn\u011bn\u00ed student\u016f a absolvent\u016f p\u0159i spr\u00e1v\u011b, programov\u00e1n\u00ed a vyu\u017eit\u00ed dat jak v oblasti v\u00fdzkumu, tak specializovan\u00e9ho zam\u011b\u0159en\u00ed \u00daZEI na data governance pro \u00daZEI a MZe. Bude prezentov\u00e1na i oblast spr\u00e1vy a vyu\u017eit\u00ed dat ve spr\u00e1v\u011b dat FADN.<\/td>\n<\/tr>\n<tr style=\"height: 13px;\">\n<td style=\"height: 13px; width: 10%;\"><strong>30.10.2017<\/strong><\/td>\n<td style=\"height: 13px; width: 29%;\">Software pro \u0159\u00edzen\u00ed firmy<\/td>\n<td style=\"height: 13px; width: 16%;\">Martin V\u00e1gner<\/td>\n<td style=\"height: 13px; width: 21%;\">Assist spol. s r.o.<\/td>\n<td style=\"height: 13px; width: 10.0868%;\">E IV<\/td>\n<td style=\"height: 13px; width: 10%;\"><a href=\"https:\/\/youtu.be\/4eLA6Q3pyNA\">Z\u00c1ZNAM<\/a><\/td>\n<\/tr>\n<tr style=\"height: 13px;\">\n<td style=\"height: 13px; width: 96.0868%;\" colspan=\"6\">V r\u00e1mci t\u00e9to p\u0159ihl\u00e1\u0161ky se dozv\u00edte v\u0161e o CRM a ERP syst\u00e9mech a tak\u00e9 o procesech, kter\u00e9 tyto syst\u00e9my zast\u0159e\u0161uj\u00ed. Nakonec p\u0159edn\u00e1\u0161ky bude p\u0159edvedena uk\u00e1zka jak snadno lze tyto syst\u00e9my upravovat podle pot\u0159eb dan\u00e9 firmy &#8211; bez nutn\u00e9 znalosti programov\u00e1n\u00ed.<\/td>\n<\/tr>\n<tr style=\"height: 26px;\">\n<td style=\"height: 26px; width: 10%;\"><strong>6.11.2017<\/strong><\/td>\n<td style=\"height: 26px; width: 29%;\">\u0158\u00edzen\u00ed strategick\u00fdch c\u00edl\u016f ICT pomoc\u00ed enterprise architekur<\/td>\n<td style=\"height: 26px; width: 16%;\">Martin Luk\u00e1\u0161<\/td>\n<td style=\"height: 26px; width: 21%;\">Cenia<\/td>\n<td style=\"height: 26px; width: 10.0868%;\">E IV<\/td>\n<td style=\"height: 26px; width: 10%;\"><a href=\"https:\/\/youtu.be\/pwab3DcKMoo\"> Z\u00c1ZNAM<\/a><\/td>\n<\/tr>\n<tr style=\"height: 26px;\">\n<td style=\"height: 26px; width: 96.0868%;\" colspan=\"6\">P\u0159edn\u00e1\u0161ka p\u0159edstavuje mo\u017enosti vyu\u017eit\u00ed konceptu Enterprise architektury pro \u0159\u00edzen\u00ed strategick\u00fdch c\u00edl\u016f v oblasti ICT v podniku, org\u00e1nu ve\u0159ejn\u00e9 moci i rezortu st\u00e1tn\u00ed spr\u00e1vy. Na pozad\u00ed notace ArchiMate uk\u00e1\u017ee praktick\u00e9 p\u0159\u00edklady ze sou\u010dasnosti t\u00e9\u017e pro \u0159\u00edzen\u00ed ICT projekt\u016f a program\u016f.<\/td>\n<\/tr>\n<tr style=\"height: 13px;\">\n<td style=\"height: 13px; width: 10%;\"><span style=\"color: #ff6600;\"><strong>13.11.2017<\/strong><\/span><\/td>\n<td style=\"height: 13px; width: 29%;\"><span style=\"color: #ff6600;\"><span style=\"font-family: Calibri,Arial; font-style: normal;\" data-sheets-value=\"{&quot;1&quot;:2,&quot;2&quot;:&quot;How to develop a successful technology startup&quot;}\" data-sheets-userformat=\"{&quot;2&quot;:31679,&quot;3&quot;:[null,0],&quot;4&quot;:[null,2,16708299],&quot;5&quot;:{&quot;1&quot;:[{&quot;1&quot;:2,&quot;2&quot;:0,&quot;5&quot;:[null,2,0]},{&quot;1&quot;:0,&quot;2&quot;:0,&quot;3&quot;:3},{&quot;1&quot;:1,&quot;2&quot;:0,&quot;4&quot;:1}]},&quot;6&quot;:{&quot;1&quot;:[{&quot;1&quot;:2,&quot;2&quot;:0,&quot;5&quot;:[null,2,0]},{&quot;1&quot;:0,&quot;2&quot;:0,&quot;3&quot;:3},{&quot;1&quot;:1,&quot;2&quot;:0,&quot;4&quot;:1}]},&quot;7&quot;:{&quot;1&quot;:[{&quot;1&quot;:2,&quot;2&quot;:0,&quot;5&quot;:[null,2,0]},{&quot;1&quot;:0,&quot;2&quot;:0,&quot;3&quot;:3},{&quot;1&quot;:1,&quot;2&quot;:0,&quot;4&quot;:1}]},&quot;8&quot;:{&quot;1&quot;:[{&quot;1&quot;:2,&quot;2&quot;:0,&quot;5&quot;:[null,2,0]},{&quot;1&quot;:0,&quot;2&quot;:0,&quot;3&quot;:3},{&quot;1&quot;:1,&quot;2&quot;:0,&quot;4&quot;:1}]},&quot;10&quot;:0,&quot;11&quot;:4,&quot;12&quot;:0,&quot;14&quot;:[null,2,0],&quot;15&quot;:&quot;Calibri&quot;,&quot;16&quot;:11,&quot;17&quot;:1}\">How to develop a successful technology startu<\/span><\/span><span style=\"color: #ff6600;\"><span style=\"font-family: Calibri,Arial; font-style: normal;\" data-sheets-value=\"{&quot;1&quot;:2,&quot;2&quot;:&quot;How to develop a successful technology startup&quot;}\" data-sheets-userformat=\"{&quot;2&quot;:31679,&quot;3&quot;:[null,0],&quot;4&quot;:[null,2,16708299],&quot;5&quot;:{&quot;1&quot;:[{&quot;1&quot;:2,&quot;2&quot;:0,&quot;5&quot;:[null,2,0]},{&quot;1&quot;:0,&quot;2&quot;:0,&quot;3&quot;:3},{&quot;1&quot;:1,&quot;2&quot;:0,&quot;4&quot;:1}]},&quot;6&quot;:{&quot;1&quot;:[{&quot;1&quot;:2,&quot;2&quot;:0,&quot;5&quot;:[null,2,0]},{&quot;1&quot;:0,&quot;2&quot;:0,&quot;3&quot;:3},{&quot;1&quot;:1,&quot;2&quot;:0,&quot;4&quot;:1}]},&quot;7&quot;:{&quot;1&quot;:[{&quot;1&quot;:2,&quot;2&quot;:0,&quot;5&quot;:[null,2,0]},{&quot;1&quot;:0,&quot;2&quot;:0,&quot;3&quot;:3},{&quot;1&quot;:1,&quot;2&quot;:0,&quot;4&quot;:1}]},&quot;8&quot;:{&quot;1&quot;:[{&quot;1&quot;:2,&quot;2&quot;:0,&quot;5&quot;:[null,2,0]},{&quot;1&quot;:0,&quot;2&quot;:0,&quot;3&quot;:3},{&quot;1&quot;:1,&quot;2&quot;:0,&quot;4&quot;:1}]},&quot;10&quot;:0,&quot;11&quot;:4,&quot;12&quot;:0,&quot;14&quot;:[null,2,0],&quot;15&quot;:&quot;Calibri&quot;,&quot;16&quot;:11,&quot;17&quot;:1}\">p<\/span><\/span><\/td>\n<td style=\"height: 13px; width: 16%;\"><span style=\"color: #ff6600;\">Gustavo Vizcardo<\/span><\/td>\n<td style=\"height: 13px; width: 21%;\"><span style=\"color: #ff6600;\">StartupYard Accelerator<\/span><\/td>\n<td style=\"height: 13px; width: 10.0868%;\"><span style=\"text-decoration: underline;\"><strong><span style=\"color: #ff6600; text-decoration: underline;\">E III (room changed)<\/span><\/strong><\/span><\/td>\n<td style=\"height: 13px; width: 10%;\"><a href=\"https:\/\/www.youtube.com\/watch?v=ot2lMKTHANI\">Z\u00c1ZNAM<\/a><\/td>\n<\/tr>\n<tr style=\"height: 13px;\">\n<td style=\"height: 13px; width: 96.0868%;\" colspan=\"6\"><span style=\"color: #ff6600;\">The lecture will introduce you in what i takes to devolop technology startup and how a startup accelerator can assist you. You will also hear about success stories of companies accelerated by StartupYard.com.<\/span><\/td>\n<\/tr>\n<tr style=\"height: 26px;\">\n<td style=\"width: 10%; height: 26px;\"><strong>20.11.2017<\/strong><\/td>\n<td style=\"width: 29%; height: 26px;\">Java vs. Kotlin a Objective C vs.Swift + voln\u00e1 diskuse nad probl\u00e9my mobiln\u00edho v\u00fdvoje<\/td>\n<td style=\"width: 16%; height: 26px;\">Tom\u00e1\u0161 Hub\u00e1\u010dek, Tom\u00e1\u0161 Valenta<\/td>\n<td style=\"width: 21%; height: 26px;\">INVENTI Development s.r.o.<\/td>\n<td style=\"width: 10.0868%; height: 26px;\">E IV<\/td>\n<td style=\"width: 10%; height: 26px;\"><a href=\"https:\/\/www.youtube.com\/watch?v=htlse54vgOo\">Z\u00c1ZNAM<\/a><\/td>\n<\/tr>\n<tr style=\"height: 26px;\">\n<td style=\"width: 96.0868%; height: 26px;\" colspan=\"6\">P\u0159edn\u00e1\u0161ka p\u0159edstav\u00ed modern\u00ed jazyky pro mobiln\u00ed platformy Kotlin (Android) a Swift (iOS) a porovn\u00e1n\u00ed s jejich p\u0159edch\u016fdci Java a Objective-C. \u0158e\u010d bude zejm\u00e9na o nullability, immutability, interoperability a nov\u00fdch mo\u017enostech funkcion\u00e1ln\u00edho programov\u00e1n\u00ed. Uk\u00e1\u017eeme si prakticky, jak\u00e9 probl\u00e9my n\u00e1m tyto nov\u00e9 mo\u017enosti pom\u00e1haj\u00ed \u0159e\u0161it a kde n\u00e1m u\u0161et\u0159\u00ed pr\u00e1ci. Na z\u00e1v\u011br bude prostor pro dotazy, diskuzi a sd\u00edlen\u00ed zku\u0161enost\u00ed z praxe.<\/td>\n<\/tr>\n<tr style=\"height: 13px;\">\n<td style=\"height: 13px; width: 10%;\"><strong>27.11.2017<\/strong><\/td>\n<td style=\"height: 13px; width: 29%;\">V\u00fdvoj mobiln\u00edch aplikac\u00ed<\/td>\n<td style=\"height: 13px; width: 16%;\">V\u00e1clav Z\u016fna<\/td>\n<td style=\"height: 13px; width: 21%;\">CONCUR<\/td>\n<td style=\"height: 13px; width: 10.0868%;\">E IV<\/td>\n<td style=\"height: 13px; width: 10%;\"><a href=\"https:\/\/youtu.be\/-7jt5g3eZr0\">Z\u00c1ZNAM<\/a><\/td>\n<\/tr>\n<tr style=\"height: 13px;\">\n<td style=\"height: 13px; width: 96.0868%;\" colspan=\"6\">P\u0159edn\u00e1\u0161ka nab\u00eddne holistick\u00fd pohled na sou\u010dasn\u00e9 trendy ve v\u00fdvoji mobiln\u00edch aplikac\u00ed na platform\u00e1ch Android a iOS. Shrne vyu\u017eit\u00ed nov\u00fdch technologi\u00ed do mobiln\u00edho v\u00fdvoje a p\u0159edstav\u00ed p\u0159\u00edklady zaj\u00edmav\u00fdch aplikac\u00ed. Na p\u0159edn\u00e1\u0161ce bude tak\u00e9 nast\u00edn\u011bna aplikace nov\u00fdch trend\u016f na na\u0161e vlastn\u00ed mobiln\u00ed produkty.<\/td>\n<\/tr>\n<tr style=\"height: 13px; color: #ff6600;\">\n<td style=\"height: 13px; width: 10%;\"><span style=\"color: #000000;\"><strong>4.12.2017<\/strong><\/span><\/td>\n<td style=\"height: 13px; width: 29%;\"><span style=\"color: #000000;\">My\u0161lenkov\u00e9 mapy a jejich digit\u00e1ln\u00ed vyu\u017e\u00edv\u00e1n\u00ed<\/span><\/td>\n<td style=\"height: 13px; width: 16%;\"><span style=\"color: #000000;\">Miroslav Buchel<\/span><\/td>\n<td style=\"height: 13px; width: 21%;\"><span style=\"color: #000000;\">\u010cesk\u00e1 spole\u010dnost kreativn\u00edho my\u0161len\u00ed, z.s.<\/span><\/td>\n<td style=\"height: 13px; width: 10.0868%;\"><span style=\"color: #000000;\">E IV<\/span><\/td>\n<td style=\"height: 13px; width: 10%;\"><a href=\"https:\/\/youtu.be\/aTfnxBuv_LQ\">Z\u00c1ZNAM<\/a><\/td>\n<\/tr>\n<tr style=\"height: 13px;\">\n<td style=\"height: 13px; width: 96.0868%;\" colspan=\"6\">P\u0159edn\u00e1\u0161ka p\u0159edstav\u00ed my\u0161lenkov\u00e9 mapy z pohledu jejich praktick\u00e9ho vyu\u017eit\u00ed. Pro\u010d mapy pou\u017e\u00edvat, co jsou my\u0161lenkov\u00e9 mapy a jak je konkr\u00e9tn\u011b pou\u017e\u00edvat v praxi. Chyb\u011bt nebude ani osobn\u00ed zku\u0161enost s vyu\u017eit\u00edm p\u0159i studiu v\u010detn\u011b tvorby diplomov\u00e9 pr\u00e1ce.<\/td>\n<\/tr>\n<tr style=\"height: 13px; color: #ff6600;\">\n<td style=\"height: 13px; width: 10%;\"><span style=\"color: #000000;\"><strong>11.12.2017<\/strong><\/span><\/td>\n<td style=\"height: 13px; width: 29%;\"><span style=\"color: #000000;\">Bezpap\u00edrov\u00fd digit\u00e1ln\u00ed \u017eivot<\/span><\/td>\n<td style=\"height: 13px; width: 16%;\"><span style=\"color: #000000;\">Vratislav \u010cerm\u00e1k<br \/><\/span><\/td>\n<td style=\"height: 13px; width: 21%;\"><span style=\"color: #000000;\">Konzultant ICT<\/span><\/td>\n<td style=\"height: 13px; width: 10.0868%;\"><span style=\"color: #000000;\">E IV<\/span><\/td>\n<td style=\"height: 13px; width: 10%;\"><a href=\"https:\/\/youtu.be\/NalYgto-QLs\">Z\u00c1ZNAM<\/a><\/td>\n<\/tr>\n<tr style=\"height: 13px;\">\n<td style=\"height: 13px; width: 96.0868%;\" colspan=\"6\">\n<div>\n<div style=\"margin-top: 0; margin-bottom: 0;\">P\u0159edn\u00e1\u0161ka p\u0159edstav\u00ed mo\u017enosti, jak zefektivnit (zjednodu\u0161it) \u017eivot za pomoc\u00ed technologi\u00ed a aplikac\u00ed, kter\u00e9 jsou okolo n\u00e1s k dispozici. Pod\u00edv\u00e1te se na mo\u017enosti, kter\u00e9 n\u00e1m sk\u00fdt\u00e1 spojen\u00ed na\u0161ich chytr\u00fdch telefon\u016f, dom\u00e1c\u00edch za\u0159\u00edzen\u00ed, internetu, cloudu a nep\u0159ebern\u00e9ho mno\u017estv\u00ed aplikac\u00ed.<\/div>\n<\/div>\n<\/td>\n<\/tr>\n<tr style=\"height: 13px;\">\n<td style=\"height: 13px; width: 10%;\"><span style=\"color: #ff6600;\"><strong>18.12.2017<\/strong><\/span><\/td>\n<td style=\"height: 13px; width: 29%;\"><span style=\"color: #ff6600;\">Automation and Integration of Network Management<\/span><\/td>\n<td style=\"height: 13px; width: 16%;\"><span style=\"color: #ff6600;\">Zden\u011bk Pala<\/span><\/td>\n<td style=\"height: 13px; width: 21%;\"><span style=\"color: #ff6600;\">Extreme Networks<\/span><\/td>\n<td style=\"height: 13px; width: 10.0868%;\"><span style=\"color: #ff6600;\">E IV<\/span><\/td>\n<td style=\"height: 13px; width: 10%;\"><a href=\"https:\/\/youtu.be\/hEDPN28eSQo\">Z\u00c1ZNAM<\/a><\/td>\n<\/tr>\n<tr style=\"height: 13px;\">\n<td style=\"height: 13px; width: 96.0868%;\" colspan=\"6\"><span style=\"font-size: 1.1em; color: #ff6600;\"> The lecture will introduce you into the automation and integration of network management. We will look into options of automation and integration in systems of various customers. Presented case studies will address integration of firewall, network management, virtualization, MDM systems, security and processes.<\/span><\/td>\n<\/tr>\n<tr style=\"height: 13px;\">\n<td style=\"height: 13px; width: 10%;\"><strong>15.1.2018<\/strong><\/td>\n<td style=\"height: 13px; width: 29%;\">GDPR &#8211; General Data Protection Regulation aneb revoluce v ochran\u011b osobn\u00edch dat podle nov\u00e9 regulace EU<\/td>\n<td style=\"height: 13px; width: 16%;\">V\u00edt Lidinsk\u00fd<\/td>\n<td style=\"height: 13px; width: 21%;\">Nowirecz<\/td>\n<td style=\"height: 13px; width: 10.0868%;\">E IV<\/td>\n<td style=\"height: 13px; width: 10%;\"><strong><a href=\"\/events\/default\/5\">P\u0158IHL\u00c1SIT<\/a><\/strong><\/td>\n<\/tr>\n<tr style=\"height: 13px;\">\n<td style=\"height: 13px; width: 96.0868%;\" colspan=\"6\">GDPR (General Data Protection Regulation) &#8211; na\u0159\u00edzen\u00ed Evropsk\u00e9 Unie o ochran\u011b osobn\u00edch \u00fadaj\u016f, kter\u00e9 za\u010dn\u011b v cel\u00e9 EU platit jednotn\u011b od 25. kv\u011btna 2018. V \u010cesku tak nahrad\u00ed sou\u010dasnou pr\u00e1vn\u00ed \u00fapravu ochrany osobn\u00edch \u00fadaj\u016f v podob\u011b sm\u011brnice 95\/46\/ES a souvisej\u00edc\u00ed z\u00e1kon \u010d. 101\/2000 Sb., o ochran\u011b osobn\u00edch \u00fadaj\u016f. T\u00fdkaj\u00ed se firem, instituc\u00ed i jednotlivc\u016f, kte\u0159\u00ed zach\u00e1zej\u00ed s osobn\u00edmi \u00fadaji Evropan\u016f (zam\u011bstnanc\u016f, z\u00e1kazn\u00edk\u016f, klient\u016f, dodavatel\u016f) a p\u016fsob\u00ed na evropsk\u00e9m trhu.<\/td>\n<\/tr>\n<\/tbody>\n<\/table>\n","protected":false},"excerpt":{"rendered":"<p>In WS 2017\/2018, the Department of Information Technologies is organizing the second independent cycle of professional lectures on current topics in the field of Information and Communication Technologies. Out of a total of ten lectures offered, two are in English (for students of English majors and other interested parties). The cycle of lectures continues in LS (period March to May). The main goal is to enrich and supplement the standard teaching, support the competitiveness of graduates on the labor market and further deepen the department&#039;s cooperation with practice. In addition to the lecture&#039;s own thematic content, students are also often offered cooperation with relevant entities in the form of professional internships, BP or DP topics, participation in projects and other programs, etc.<\/p>","protected":false},"author":1,"featured_media":0,"comment_status":"closed","ping_status":"open","sticky":false,"template":"","format":"standard","meta":{"_eb_attr":"","_uag_custom_page_level_css":"","ngg_post_thumbnail":0,"footnotes":""},"categories":[46,119,48,49],"tags":[],"class_list":["post-2164","post","type-post","status-publish","format-standard","hentry","category-akce","category-prednasky-odborniku","category-prednasky","category-zpravy"],"uagb_featured_image_src":{"full":false,"thumbnail":false,"medium":false,"medium_large":false,"large":false,"1536x1536":false,"2048x2048":false,"trp-custom-language-flag":false},"uagb_author_info":{"display_name":"admin","author_link":"https:\/\/kit.pef.czu.cz\/en\/zpravy-akce-prednasky\/author\/admin\/"},"uagb_comment_info":0,"uagb_excerpt":"Katedra informa\u010dn\u00edch technologi\u00ed po\u0159\u00e1d\u00e1 v ZS 2017\/2018 ji\u017e druh\u00fd samostatn\u00fd cyklus odborn\u00fdch p\u0159edn\u00e1\u0161ek na aktu\u00e1ln\u00ed t\u00e9mata z oblasti Informa\u010dn\u00edch a komunika\u010dn\u00edch technologi\u00ed. Z celkem deseti nab\u00edzen\u00fdch p\u0159edn\u00e1\u0161ek jsou dv\u011b v anglick\u00e9m jazyce (pro studenty anglick\u00fdch obor\u016f i dal\u0161\u00ed z\u00e1jemce). Cyklus p\u0159edn\u00e1\u0161ek prob\u00edh\u00e1 d\u00e1le v LS (obdob\u00ed b\u0159ezen a\u017e kv\u011bten). &nbsp; C\u00edlem je p\u0159edev\u0161\u00edm obohacen\u00ed a&hellip;","_links":{"self":[{"href":"https:\/\/kit.pef.czu.cz\/en\/wp-json\/wp\/v2\/posts\/2164","targetHints":{"allow":["GET"]}}],"collection":[{"href":"https:\/\/kit.pef.czu.cz\/en\/wp-json\/wp\/v2\/posts"}],"about":[{"href":"https:\/\/kit.pef.czu.cz\/en\/wp-json\/wp\/v2\/types\/post"}],"author":[{"embeddable":true,"href":"https:\/\/kit.pef.czu.cz\/en\/wp-json\/wp\/v2\/users\/1"}],"replies":[{"embeddable":true,"href":"https:\/\/kit.pef.czu.cz\/en\/wp-json\/wp\/v2\/comments?post=2164"}],"version-history":[{"count":0,"href":"https:\/\/kit.pef.czu.cz\/en\/wp-json\/wp\/v2\/posts\/2164\/revisions"}],"wp:attachment":[{"href":"https:\/\/kit.pef.czu.cz\/en\/wp-json\/wp\/v2\/media?parent=2164"}],"wp:term":[{"taxonomy":"category","embeddable":true,"href":"https:\/\/kit.pef.czu.cz\/en\/wp-json\/wp\/v2\/categories?post=2164"},{"taxonomy":"post_tag","embeddable":true,"href":"https:\/\/kit.pef.czu.cz\/en\/wp-json\/wp\/v2\/tags?post=2164"}],"curies":[{"name":"wp","href":"https:\/\/api.w.org\/{rel}","templated":true}]}}