{"id":11944,"date":"2025-04-07T11:13:03","date_gmt":"2025-04-07T09:13:03","guid":{"rendered":"https:\/\/kit.pef.czu.cz\/?p=11944"},"modified":"2025-04-08T17:02:48","modified_gmt":"2025-04-08T15:02:48","slug":"volitelne-predmety-v-akademickem-roce-2024-2025-magistresky-stupen-studia","status":"publish","type":"post","link":"https:\/\/kit.pef.czu.cz\/en\/zpravy-akce-prednasky\/volitelne-predmety-v-akademickem-roce-2024-2025-magistresky-stupen-studia\/","title":{"rendered":"(Mgr.) ELECTIVE SUBJECTS IN THE ACADEMIC YEAR 2025\/2026 MASTER&#039;S DEGREE STUDY"},"content":{"rendered":"<p><b>First-year master&#039;s degree students of all study programs of the Faculty of Business Economics have the opportunity to choose elective courses for the winter and summer semesters of the academic year 2025\/2026. The Department of Information Technology offers the following elective courses for the academic year 2025\/2026. The content of the courses fully corresponds to the current requirements of the labor market.<\/b><\/p>\n\n\n<p>You choose the subject in your current year for study in the 2nd year of the master&#039;s degree.<\/p>\n\n\n\n<p><\/p>\n\n\n\n<p>The 1st round of optional subjects is from\u00a0<strong>7. 4. to 13. 4. 202<\/strong>5, round 2 will take place from\u00a0<strong>21. 4. to 27. 4. 202<\/strong>5.<\/p>\n\n\n\n<p><\/p>\n\n\n\n<p><strong>IS strategy<\/strong><\/p>\n\n\n\n<ul class=\"wp-block-list\">\n<li>2nd follow-up year of EAM<\/li>\n\n\n\n<li>principles of building information systems and their use in practice<\/li>\n<\/ul>\n\n\n\n<p><\/p>\n\n\n\n<p><strong>Internet of Things (IoT); Big data processing (Big data)<\/strong><\/p>\n\n\n\n<ul class=\"wp-block-list\">\n<li>2nd consecutive year of INFO<\/li>\n\n\n\n<li>modern use of the Internet of Things and data processing in companies<\/li>\n<\/ul>\n\n\n\n<p><\/p>\n\n\n\n<p>Login was through&nbsp;<a href=\"https:\/\/is.czu.cz\/\">information system of the CZU<\/a>. You can find detailed information about the process and requirements of the election at&nbsp;<a href=\"https:\/\/www.pef.czu.cz\/cs\/r-7008-studium\/r-10112-studijni-aktuality\/volba-volitelnych-predmetu-pro-studenty-prezencniho-studia-p.html\">PEF website<\/a>.<\/p>","protected":false},"excerpt":{"rendered":"<p>First-year master&#039;s degree students of all study programs of the Faculty of Business Economics have the opportunity to choose elective courses for the winter and summer semesters of the academic year - 2025\/2026. The Department of Information Technology offers the following elective courses for the academic year 2025\/2026. The content of the courses fully corresponds to the current requirements of the labor market. You choose the course in your current year of study for the 2nd year of the master&#039;s degree. The 1st round of choosing elective courses is from 7. 4. to 13. 4. 2025, the 2nd round will take place from 21. 4. to 27. 4. 2025. IS Strategy Internet of Things (IoT); Big Data Processing (Big Data) Registration took place via the \u010cZL information system. Detailed information about<\/p>","protected":false},"author":19,"featured_media":0,"comment_status":"open","ping_status":"open","sticky":false,"template":"","format":"standard","meta":{"_eb_attr":"","_uag_custom_page_level_css":"","ngg_post_thumbnail":0,"footnotes":""},"categories":[112,79,88,49],"tags":[],"class_list":["post-11944","post","type-post","status-publish","format-standard","hentry","category-aktualni","category-homepage","category-volitelne-predmety","category-zpravy"],"uagb_featured_image_src":{"full":false,"thumbnail":false,"medium":false,"medium_large":false,"large":false,"1536x1536":false,"2048x2048":false,"trp-custom-language-flag":false},"uagb_author_info":{"display_name":"\u0160t\u011bp\u00e1nka","author_link":"https:\/\/kit.pef.czu.cz\/en\/zpravy-akce-prednasky\/author\/xpros019studenti-czu-cz\/"},"uagb_comment_info":0,"uagb_excerpt":"Studenti prvn\u00edho ro\u010dn\u00edku magistersk\u00e9ho stupn\u011b studia v\u0161ech studijn\u00edch program\u016f Provozn\u011b ekonomick\u00e9 fakulty maj\u00ed mo\u017enost si vybrat voliteln\u00e9 p\u0159edm\u011bty na zimn\u00ed i letn\u00ed semestr akademick\u00e9ho roku \u2013 2025\/2026. Katedra informa\u010dn\u00edch technologi\u00ed nab\u00edz\u00ed pro akademick\u00fd rok 2025\/2026 n\u00e1sleduj\u00edc\u00ed voliteln\u00e9 p\u0159edm\u011bty. N\u00e1pl\u0148 p\u0159edm\u011bt\u016f pln\u011b koresponduje s aktu\u00e1ln\u00edmi po\u017eadavky trhu pr\u00e1ce. P\u0159edm\u011bt si vol\u00edte ve va\u0161em sou\u010dasn\u00e9m ro\u010dn\u00edku pro&hellip;","_links":{"self":[{"href":"https:\/\/kit.pef.czu.cz\/en\/wp-json\/wp\/v2\/posts\/11944","targetHints":{"allow":["GET"]}}],"collection":[{"href":"https:\/\/kit.pef.czu.cz\/en\/wp-json\/wp\/v2\/posts"}],"about":[{"href":"https:\/\/kit.pef.czu.cz\/en\/wp-json\/wp\/v2\/types\/post"}],"author":[{"embeddable":true,"href":"https:\/\/kit.pef.czu.cz\/en\/wp-json\/wp\/v2\/users\/19"}],"replies":[{"embeddable":true,"href":"https:\/\/kit.pef.czu.cz\/en\/wp-json\/wp\/v2\/comments?post=11944"}],"version-history":[{"count":3,"href":"https:\/\/kit.pef.czu.cz\/en\/wp-json\/wp\/v2\/posts\/11944\/revisions"}],"predecessor-version":[{"id":13916,"href":"https:\/\/kit.pef.czu.cz\/en\/wp-json\/wp\/v2\/posts\/11944\/revisions\/13916"}],"wp:attachment":[{"href":"https:\/\/kit.pef.czu.cz\/en\/wp-json\/wp\/v2\/media?parent=11944"}],"wp:term":[{"taxonomy":"category","embeddable":true,"href":"https:\/\/kit.pef.czu.cz\/en\/wp-json\/wp\/v2\/categories?post=11944"},{"taxonomy":"post_tag","embeddable":true,"href":"https:\/\/kit.pef.czu.cz\/en\/wp-json\/wp\/v2\/tags?post=11944"}],"curies":[{"name":"wp","href":"https:\/\/api.w.org\/{rel}","templated":true}]}}