{"id":8875,"date":"2023-06-20T00:00:00","date_gmt":"2023-06-19T22:00:00","guid":{"rendered":"http:\/\/kit.pef.czu.cz\/nezarazene\/pratelske-posezeni-firem-spolupracujicich-s-kit\/"},"modified":"2023-09-13T15:14:33","modified_gmt":"2023-09-13T13:14:33","slug":"pratelske-posezeni-firem-spolupracujicich-s-kit","status":"publish","type":"post","link":"http:\/\/kit.pef.czu.cz\/en\/zpravy-akce-prednasky\/pratelske-posezeni-firem-spolupracujicich-s-kit\/","title":{"rendered":"Friendly meeting of companies cooperating with KIT"},"content":{"rendered":"<p><strong>In June, a friendly informal meeting of cooperating companies and lecturers took place, who actively participated in the personnel\/professional provision of the course of the ICT lecture cycle in the academic year 2022\/2023. As a thank you to everyone, an afternoon was prepared in the premises of the university brewery Suchdolsk\u00fd Jen\u00edk \u010cZU, where at the same time a very interesting and informative excursion with the brewer Ing. Tom\u00e1\u0161 Va\u0161ek.<\/strong><\/p>\n\n\n\n<p>Thanks to our cooperation, many interesting topics were appropriately chosen for lively discussion and ideas for improvement not only for the next academic year, but also for years to come.<\/p>\n\n\n\n<p>A big thank you from the PEF Department of Information Technology goes to all participating companies. Namely \u2013 \u0160KODA AUTO, as, AGROFERT as, Triada spol. s ro, Aireen as, PRG.IA, IQRF Alliance and other participants from the management of the university and the Faculty of Business Economics.<\/p>","protected":false},"excerpt":{"rendered":"<p>In June, a friendly informal meeting of cooperating companies and lecturers took place, who actively participated in the personnel\/professional provision of the course of the ICT lecture cycle in the academic year 2022\/2023. As a thank you to everyone, an afternoon was prepared in the premises of the university brewery Suchdolsk\u00fd Jen\u00edk \u010cZU, where at the same time a very interesting and informative excursion with the brewer Ing. Tom\u00e1\u0161 Va\u0161ek. Thanks to our cooperation, many interesting topics were appropriately chosen for lively discussion and ideas for improvement not only for the next academic year, but also for years to come. A big thank you from the PEF Department of Information Technology goes to all participating companies. Namely \u2013 \u0160KODA AUTO, as, AGROFERT<\/p>","protected":false},"author":1,"featured_media":0,"comment_status":"closed","ping_status":"open","sticky":false,"template":"","format":"standard","meta":{"_eb_attr":"","_uag_custom_page_level_css":"","ngg_post_thumbnail":0,"footnotes":""},"categories":[79,49],"tags":[],"class_list":["post-8875","post","type-post","status-publish","format-standard","hentry","category-homepage","category-zpravy"],"uagb_featured_image_src":{"full":false,"thumbnail":false,"medium":false,"medium_large":false,"large":false,"1536x1536":false,"2048x2048":false,"trp-custom-language-flag":false},"uagb_author_info":{"display_name":"admin","author_link":"http:\/\/kit.pef.czu.cz\/en\/zpravy-akce-prednasky\/author\/admin\/"},"uagb_comment_info":0,"uagb_excerpt":"V \u010dervnu prob\u011bhlo p\u0159\u00e1telsk\u00e9 neform\u00e1ln\u00ed posezen\u00ed spolupracuj\u00edc\u00edch firem a p\u0159edn\u00e1\u0161ej\u00edc\u00edch, kte\u0159\u00ed se aktivn\u011b pod\u00edleli na person\u00e1ln\u00edm \/ odborn\u00e9m zaji\u0161t\u011bn\u00ed pr\u016fb\u011bhu Cyklu p\u0159edn\u00e1\u0161ek ICT v akademick\u00e9m roce 2022\/2023. Jako pod\u011bkov\u00e1n\u00ed v\u0161em bylo p\u0159ipraveno odpoledne v prostor\u00e1ch univerzitn\u00edho pivovaru Suchdolsk\u00fd Jen\u00edk \u010cZU, kde byla z\u00e1rove\u0148 pro p\u0159\u00edtomn\u00e9 objednan\u00e1 i velmi zaj\u00edmav\u00e1 a pou\u010dn\u00e1 exkurze se sl\u00e1dkem Ing.&hellip;","_links":{"self":[{"href":"http:\/\/kit.pef.czu.cz\/en\/wp-json\/wp\/v2\/posts\/8875","targetHints":{"allow":["GET"]}}],"collection":[{"href":"http:\/\/kit.pef.czu.cz\/en\/wp-json\/wp\/v2\/posts"}],"about":[{"href":"http:\/\/kit.pef.czu.cz\/en\/wp-json\/wp\/v2\/types\/post"}],"author":[{"embeddable":true,"href":"http:\/\/kit.pef.czu.cz\/en\/wp-json\/wp\/v2\/users\/1"}],"replies":[{"embeddable":true,"href":"http:\/\/kit.pef.czu.cz\/en\/wp-json\/wp\/v2\/comments?post=8875"}],"version-history":[{"count":1,"href":"http:\/\/kit.pef.czu.cz\/en\/wp-json\/wp\/v2\/posts\/8875\/revisions"}],"predecessor-version":[{"id":12807,"href":"http:\/\/kit.pef.czu.cz\/en\/wp-json\/wp\/v2\/posts\/8875\/revisions\/12807"}],"wp:attachment":[{"href":"http:\/\/kit.pef.czu.cz\/en\/wp-json\/wp\/v2\/media?parent=8875"}],"wp:term":[{"taxonomy":"category","embeddable":true,"href":"http:\/\/kit.pef.czu.cz\/en\/wp-json\/wp\/v2\/categories?post=8875"},{"taxonomy":"post_tag","embeddable":true,"href":"http:\/\/kit.pef.czu.cz\/en\/wp-json\/wp\/v2\/tags?post=8875"}],"curies":[{"name":"wp","href":"https:\/\/api.w.org\/{rel}","templated":true}]}}