{"id":2234,"date":"2019-06-16T00:00:00","date_gmt":"2019-06-15T22:00:00","guid":{"rendered":"http:\/\/kit.pef.czu.cz\/nezarazene\/zaverecny-seminar-projektu-agriteach-4-0\/"},"modified":"2023-08-22T19:57:50","modified_gmt":"2023-08-22T17:57:50","slug":"zaverecny-seminar-projektu-agriteach-4-0","status":"publish","type":"post","link":"http:\/\/kit.pef.czu.cz\/en\/zpravy-akce-prednasky\/zaverecny-seminar-projektu-agriteach-4-0\/","title":{"rendered":"Final seminar of the Agriteach 4.0 project"},"content":{"rendered":"<p style=\"text-align: justify;\"><strong>The final seminar of the two-year AgriTeach 4.0 project took place in Mak\u00f3, Hungary, in which members of the Information Technology Department of PEF \u010cZU in Prague also participated.<\/strong><\/p>\n<p>&nbsp;<\/p>\n<p>On June 13 and 14, the final seminar of the two-year Agriteach 4.0 project took place in Mak\u00f3, Hungary. Certificates of successful completion were presented at the venue to professional teachers of agricultural schools from Hungary and Macedonia who participated in the pilot testing of the &quot;Teachers in Agriculture 4.0&quot; course.<\/p>\n<p>On behalf of the Czech Republic, the interest association of legal entities WIRELESSINFO participated in the project, acting as a technological partner. Members of the Department of Information Technologies PEF \u010cZU in Prague also participated in the solution of the project.<\/p>\n<p>Among the main goals of the international Agriteach 4.0 is the analysis of requirements, including a comparative study in order to determine the needs of professional teachers of secondary agricultural schools. Furthermore, the creation of a standard competence framework for workers and users of ICT in agriculture so that it is in line with the intentions and standards of the EU, the creation of a study program based on the CAPDM methodology and the creation of study content including an online platform.<\/p>\n<p>The expected impact of the project is to increase the knowledge of educators in online and joint learning, innovative learning methods, ICT in education and, last but not least, agriculture 4.0.<\/p>\n<p>You can find more information about the Agriteach 4.0 project at <a href=\"http:\/\/www.agriteach.hu\">www.agriteach.hu<\/a>.<\/p>\n\n\nngg_shortcode_0_placeholder","protected":false},"excerpt":{"rendered":"<p>The final seminar of the two-year AgriTeach 4.0 project took place in Mak\u00f3, Hungary, in which members of the Information Technology Department of PEF \u010cZU in Prague also participated.  On June 13 and 14, the final seminar of the two-year Agriteach 4.0 project took place in Mak\u00f3, Hungary. Certificates of successful completion were presented at the venue to professional teachers of agricultural schools from Hungary and Macedonia who participated in the pilot testing of the &quot;Teachers in Agriculture 4.0&quot; course. On behalf of the Czech Republic, the interest association of legal entities WIRELESSINFO participated in the project, acting as a technological partner. Members of the Department of Information Technologies PEF \u010cZU in Prague also participated in the solution of the project. Among the main goals of the international Agriteach<\/p>","protected":false},"author":1,"featured_media":0,"comment_status":"closed","ping_status":"open","sticky":false,"template":"","format":"standard","meta":{"_eb_attr":"","_uag_custom_page_level_css":"","ngg_post_thumbnail":0,"footnotes":""},"categories":[83,49],"tags":[],"class_list":["post-2234","post","type-post","status-publish","format-standard","hentry","category-fotogalerie","category-zpravy"],"uagb_featured_image_src":{"full":false,"thumbnail":false,"medium":false,"medium_large":false,"large":false,"1536x1536":false,"2048x2048":false,"trp-custom-language-flag":false},"uagb_author_info":{"display_name":"admin","author_link":"http:\/\/kit.pef.czu.cz\/en\/zpravy-akce-prednasky\/author\/admin\/"},"uagb_comment_info":0,"uagb_excerpt":"V ma\u010farsk\u00e9m Mak\u00f3 se uskute\u010dnil z\u00e1v\u011bre\u010dn\u00fd semin\u00e1\u0159 dvoulet\u00e9ho projektu AgriTeach 4.0, na kter\u00e9m se pod\u00edleli tak\u00e9 \u010dlenov\u00e9 Katedry informa\u010dn\u00edch technologi\u00ed PEF \u010cZU v Praze. &nbsp; Ve dnech 13. a 14. \u010dervna se v\u00a0ma\u010farsk\u00e9m Mak\u00f3 uskute\u010dnil z\u00e1v\u011bre\u010dn\u00fd semin\u00e1\u0159 dvoulet\u00e9ho projektu Agriteach 4.0. V\u00a0m\u00edst\u011b kon\u00e1n\u00ed byly p\u0159ed\u00e1ny certifik\u00e1ty o \u00fasp\u011b\u0161n\u00e9m absolvov\u00e1n\u00ed odborn\u00fdm pedagog\u016fm zem\u011bd\u011blsk\u00fdch \u0161kol z\u00a0Ma\u010farska a&hellip;","_links":{"self":[{"href":"http:\/\/kit.pef.czu.cz\/en\/wp-json\/wp\/v2\/posts\/2234","targetHints":{"allow":["GET"]}}],"collection":[{"href":"http:\/\/kit.pef.czu.cz\/en\/wp-json\/wp\/v2\/posts"}],"about":[{"href":"http:\/\/kit.pef.czu.cz\/en\/wp-json\/wp\/v2\/types\/post"}],"author":[{"embeddable":true,"href":"http:\/\/kit.pef.czu.cz\/en\/wp-json\/wp\/v2\/users\/1"}],"replies":[{"embeddable":true,"href":"http:\/\/kit.pef.czu.cz\/en\/wp-json\/wp\/v2\/comments?post=2234"}],"version-history":[{"count":0,"href":"http:\/\/kit.pef.czu.cz\/en\/wp-json\/wp\/v2\/posts\/2234\/revisions"}],"wp:attachment":[{"href":"http:\/\/kit.pef.czu.cz\/en\/wp-json\/wp\/v2\/media?parent=2234"}],"wp:term":[{"taxonomy":"category","embeddable":true,"href":"http:\/\/kit.pef.czu.cz\/en\/wp-json\/wp\/v2\/categories?post=2234"},{"taxonomy":"post_tag","embeddable":true,"href":"http:\/\/kit.pef.czu.cz\/en\/wp-json\/wp\/v2\/tags?post=2234"}],"curies":[{"name":"wp","href":"https:\/\/api.w.org\/{rel}","templated":true}]}}