{"id":2228,"date":"2019-06-19T00:00:00","date_gmt":"2019-06-18T22:00:00","guid":{"rendered":"http:\/\/kit.pef.czu.cz\/nezarazene\/skoda-auto-it-otevrelo-kompetencni-centrum-sap\/"},"modified":"2023-08-22T18:23:39","modified_gmt":"2023-08-22T16:23:39","slug":"skoda-auto-it-otevrelo-kompetencni-centrum-sap","status":"publish","type":"post","link":"http:\/\/kit.pef.czu.cz\/en\/zpravy-akce-prednasky\/skoda-auto-it-otevrelo-kompetencni-centrum-sap\/","title":{"rendered":"\u0160KODA AUTO IT opened a SAP competence center"},"content":{"rendered":"<p style=\"text-align: justify;\"><strong>On June 19, 2019, the creative workplace &quot;VISIONARY&quot; was opened in Prague&#039;s Hole\u0161ovice.<\/strong><\/p>\n<p>&nbsp;<\/p>\n<p>The modern premises will serve as workplaces for IT specialists who take on an increasing share of responsibility for new tasks in the field of SAP applications on a group-wide scale.<br \/>The \u0160KODA AUTO workplace will be an inspiring workplace for the company&#039;s IT specialists, students and customers. <br \/>You can find more information about the newly opened SAP competence center <a href=\"https:\/\/www.skoda-storyboard.com\/cs\/tiskove-zpravy-archiv\/skoda-auto-it-otevira-kompetencni-centrum-sap-a-mestske-coworkingove-centrum-visionary-v-prazskych-holesovicich\/\">here<\/a>.<\/p>\n<p>The Department of Information Technology PEF envisages long-term cooperation with \u0160KODA AUTO, a.s., especially in the area of the corporate SAP system, which will be designed as an extra-semester course in the winter semester for students of PEF \u010cZU in Prague.<\/p>","protected":false},"excerpt":{"rendered":"<p>On June 19, 2019, the creative workplace &quot;VISIONARY&quot; was opened in Prague&#039;s Hole\u0161ovice.  The modern premises will serve as a workplace for IT specialists who take on an increasing share of responsibility for new tasks in the field of SAP applications on a group-wide scale. The \u0160KODA AUTO workplace will be an inspiring workplace for the company&#039;s IT specialists, students and customers. You can find more information about the newly opened SAP competence center here. The Department of Information Technology PEF envisages long-term cooperation with \u0160KODA AUTO, a.s., especially in the area of the corporate SAP system, which will be designed as an extra-semester course in the winter semester for students of PEF \u010cZU in Prague.<\/p>","protected":false},"author":1,"featured_media":0,"comment_status":"closed","ping_status":"open","sticky":false,"template":"","format":"standard","meta":{"_eb_attr":"","_uag_custom_page_level_css":"","ngg_post_thumbnail":0,"footnotes":""},"categories":[49],"tags":[],"class_list":["post-2228","post","type-post","status-publish","format-standard","hentry","category-zpravy"],"uagb_featured_image_src":{"full":false,"thumbnail":false,"medium":false,"medium_large":false,"large":false,"1536x1536":false,"2048x2048":false,"trp-custom-language-flag":false},"uagb_author_info":{"display_name":"admin","author_link":"http:\/\/kit.pef.czu.cz\/en\/zpravy-akce-prednasky\/author\/admin\/"},"uagb_comment_info":0,"uagb_excerpt":"V pra\u017esk\u00fdch Hole\u0161ovic\u00edch bylo 19. \u010dervna 2019 otev\u0159eno kreativn\u00ed pracovi\u0161t\u011b \u201eVISIONARY\u201c. &nbsp; Modern\u00ed prostory budou slou\u017eit jako pracovi\u0161t\u011b pro IT specialisty, je\u017e p\u0159eb\u00edraj\u00ed v celokoncernov\u00e9m m\u011b\u0159\u00edtku st\u00e1le v\u011bt\u0161\u00ed pod\u00edl odpov\u011bdnosti za nov\u00e9 \u00fakoly v oblasti SAP aplikac\u00ed.Pracovi\u0161t\u011b \u0160KODA AUTO bude inspiruj\u00edc\u00edm pracovi\u0161t\u011bm pro IT specialisty spole\u010dnosti, studenty a z\u00e1kazn\u00edky. V\u00edce informac\u00ed o nov\u011b otev\u0159en\u00e9m kompeten\u010dn\u00edm&hellip;","_links":{"self":[{"href":"http:\/\/kit.pef.czu.cz\/en\/wp-json\/wp\/v2\/posts\/2228","targetHints":{"allow":["GET"]}}],"collection":[{"href":"http:\/\/kit.pef.czu.cz\/en\/wp-json\/wp\/v2\/posts"}],"about":[{"href":"http:\/\/kit.pef.czu.cz\/en\/wp-json\/wp\/v2\/types\/post"}],"author":[{"embeddable":true,"href":"http:\/\/kit.pef.czu.cz\/en\/wp-json\/wp\/v2\/users\/1"}],"replies":[{"embeddable":true,"href":"http:\/\/kit.pef.czu.cz\/en\/wp-json\/wp\/v2\/comments?post=2228"}],"version-history":[{"count":0,"href":"http:\/\/kit.pef.czu.cz\/en\/wp-json\/wp\/v2\/posts\/2228\/revisions"}],"wp:attachment":[{"href":"http:\/\/kit.pef.czu.cz\/en\/wp-json\/wp\/v2\/media?parent=2228"}],"wp:term":[{"taxonomy":"category","embeddable":true,"href":"http:\/\/kit.pef.czu.cz\/en\/wp-json\/wp\/v2\/categories?post=2228"},{"taxonomy":"post_tag","embeddable":true,"href":"http:\/\/kit.pef.czu.cz\/en\/wp-json\/wp\/v2\/tags?post=2228"}],"curies":[{"name":"wp","href":"https:\/\/api.w.org\/{rel}","templated":true}]}}