{"id":2223,"date":"2022-04-14T11:44:11","date_gmt":"2022-04-14T09:44:11","guid":{"rendered":"http:\/\/kit.pef.czu.cz\/nezarazene\/volba-volitelnych-predmetu-pro-akademicky-rok-2022-2023-magistersky-stupen-studia\/"},"modified":"2023-08-22T18:23:38","modified_gmt":"2023-08-22T16:23:38","slug":"volba-volitelnych-predmetu-pro-akademicky-rok-2022-2023-magistersky-stupen-studia","status":"publish","type":"post","link":"http:\/\/kit.pef.czu.cz\/en\/zpravy-akce-prednasky\/volba-volitelnych-predmetu-pro-akademicky-rok-2022-2023-magistersky-stupen-studia\/","title":{"rendered":"Choice of optional subjects for the academic year 2022\/2023 master&#039;s degree"},"content":{"rendered":"<p style=\"text-align: justify;\"><strong>First-year master&#039;s degree students of all fields of study at the Faculty of Business Administration choose optional subjects for the winter and summer semesters of the next academic year - 2022\/2023 from 18 April 2019 to 24 April 2019.<\/strong><\/p>\n<p>&nbsp;<\/p>\n<p>The Department of Information Technology offers you optional subjects, the content of which fully corresponds to the current requirements of the labor market. In the optional subjects Internet of Things IoT and Big Data Processing, students will study the most modern technologies and their practical use.<\/p>\n<p>For students of the Economics and Management program, the course IS Strategy is offered, where students will gain knowledge of the principles of building information systems and their use in practice.<\/p>","protected":false},"excerpt":{"rendered":"<p>First-year master&#039;s degree students of all fields of study at the Faculty of Business Administration choose optional subjects for the winter and summer semesters of the next academic year - 2022\/2023 from 18 April 2019 to 24 April 2019.  The Department of Information Technology offers you optional subjects, the content of which fully corresponds to the current requirements of the labor market. In the optional subjects Internet of Things IoT and Big Data Processing, students will study the most modern technologies and their practical use. For students of the Economics and Management program, the course IS Strategy is offered, where students will gain knowledge of the principles of building information systems and their use in practice.<\/p>","protected":false},"author":1,"featured_media":0,"comment_status":"closed","ping_status":"open","sticky":false,"template":"","format":"standard","meta":{"_eb_attr":"","_uag_custom_page_level_css":"","ngg_post_thumbnail":0,"footnotes":""},"categories":[49],"tags":[],"class_list":["post-2223","post","type-post","status-publish","format-standard","hentry","category-zpravy"],"uagb_featured_image_src":{"full":false,"thumbnail":false,"medium":false,"medium_large":false,"large":false,"1536x1536":false,"2048x2048":false,"trp-custom-language-flag":false},"uagb_author_info":{"display_name":"admin","author_link":"http:\/\/kit.pef.czu.cz\/en\/zpravy-akce-prednasky\/author\/admin\/"},"uagb_comment_info":0,"uagb_excerpt":"Studenti prvn\u00edho ro\u010dn\u00edku magistersk\u00e9ho stupn\u011b studia v\u0161ech obor\u016f Provozn\u011b ekonomick\u00e9 fakulty si vyb\u00edraj\u00ed od 18.4.2019 do 24.4.2019 voliteln\u00e9 p\u0159edm\u011bty na zimn\u00ed i letn\u00ed semestr p\u0159\u00ed\u0161t\u00edho akademick\u00e9ho roku \u2013 2022\/2023. &nbsp; Katedra informa\u010dn\u00edch technologi\u00ed v\u00e1m nab\u00edz\u00ed voliteln\u00e9 p\u0159edm\u011bty, jejich\u017e obsah pln\u011b koresponduje se sou\u010dasn\u00fdmi po\u017eadavky trhu pr\u00e1ce. Ve voliteln\u00fdch p\u0159edm\u011btech Internet v\u011bc\u00ed IoT a Zpracov\u00e1n\u00ed velk\u00fdch&hellip;","_links":{"self":[{"href":"http:\/\/kit.pef.czu.cz\/en\/wp-json\/wp\/v2\/posts\/2223","targetHints":{"allow":["GET"]}}],"collection":[{"href":"http:\/\/kit.pef.czu.cz\/en\/wp-json\/wp\/v2\/posts"}],"about":[{"href":"http:\/\/kit.pef.czu.cz\/en\/wp-json\/wp\/v2\/types\/post"}],"author":[{"embeddable":true,"href":"http:\/\/kit.pef.czu.cz\/en\/wp-json\/wp\/v2\/users\/1"}],"replies":[{"embeddable":true,"href":"http:\/\/kit.pef.czu.cz\/en\/wp-json\/wp\/v2\/comments?post=2223"}],"version-history":[{"count":0,"href":"http:\/\/kit.pef.czu.cz\/en\/wp-json\/wp\/v2\/posts\/2223\/revisions"}],"wp:attachment":[{"href":"http:\/\/kit.pef.czu.cz\/en\/wp-json\/wp\/v2\/media?parent=2223"}],"wp:term":[{"taxonomy":"category","embeddable":true,"href":"http:\/\/kit.pef.czu.cz\/en\/wp-json\/wp\/v2\/categories?post=2223"},{"taxonomy":"post_tag","embeddable":true,"href":"http:\/\/kit.pef.czu.cz\/en\/wp-json\/wp\/v2\/tags?post=2223"}],"curies":[{"name":"wp","href":"https:\/\/api.w.org\/{rel}","templated":true}]}}