{"id":13762,"date":"2025-11-20T12:06:19","date_gmt":"2025-11-20T11:06:19","guid":{"rendered":"https:\/\/kit.pef.czu.cz\/?p=13762"},"modified":"2025-11-25T19:08:04","modified_gmt":"2025-11-25T18:08:04","slug":"den-s-farmari-propojil-praxi-vyzkum-a-vzdelavani","status":"publish","type":"post","link":"http:\/\/kit.pef.czu.cz\/en\/zpravy-akce-prednasky\/den-s-farmari-propojil-praxi-vyzkum-a-vzdelavani\/","title":{"rendered":"A day with farmers connected practice, research and education"},"content":{"rendered":"<p>On Tuesday, November 11, 2025, it took place in Prague&nbsp;<strong>A day with the farmers<\/strong>, a traditional meeting, the aim of which is to connect agricultural practice with research, innovation and education. The event was organized by the Department of Information Technology of the Faculty of Agricultural Sciences of the Czech University of Life Sciences in Prague and \u00dahlava, ops in cooperation with the Czech Academy of Agricultural Sciences (\u010cAZV) and the Association of Private Farmers of the Pilsen Region. The meeting was attended not only by farmers, but also by experts from research institutions and other interested parties who are interested in current trends in agriculture.<\/p>\n\n\n\n<p><\/p>\n\n\n\n<h6 class=\"wp-block-heading\"><\/h6>\n\n\n\n<p>The participants were welcomed at the beginning of the program by the Vice-Dean for Innovation and Technology Transfer of the Faculty of Business Economics and the Director of the Food Pavilion (FAPPZ), who created an open and friendly atmosphere for discussion on current topics in Czech agriculture. The key idea of the entire event was already stated at the beginning: agriculture today stands at the crossroads of traditional everyday practice and rapidly developing technologies that are fundamentally changing the form of production.<\/p>\n\n\n\n<h6 class=\"wp-block-heading\"><\/h6>\n\n\n\n<p>The aim of the meeting was&nbsp;<strong>connect agricultural practice with research through professional research and education<\/strong>, to present the latest results of agricultural research and create a space for discussion on current trends and challenges in the field. Attention was paid in particular to&nbsp;<strong>precision agriculture<\/strong>, modern procedures in&nbsp;<strong>food industry<\/strong>&nbsp;and possibilities&nbsp;<strong>use of artificial intelligence in agricultural primary production<\/strong>.<\/p>\n\n\n\n<h6 class=\"wp-block-heading\"><\/h6>\n\n\n\n<p>In addition to expert lectures and presentations, the event also offered an opportunity for informal meetings between participants. Farmers had the opportunity to discuss their specific operational issues with researchers, establish collaborations and share experiences. Many appreciated the opportunity to meet face-to-face with colleagues from different regions and institutions.<\/p>\n\n\n\n<p><\/p>\n\n\n\n<h6 class=\"wp-block-heading\"><\/h6>\n\n\n\n<p>The Day with Farmers once again confirmed that the connection between university research, the professional community and agricultural practice is of great importance. The event brought not only a wealth of professional information, but also inspiration and motivation for the further development of Czech agriculture.<\/p>\n\n\n\n<p><\/p>\n\n\n\n<p>Thanks go to everyone who participated in organizing the entire event.<\/p>\n\n\n\n<p><\/p>\n\n\n\n<figure class=\"wp-block-image size-large is-resized\"><img decoding=\"async\" width=\"1024\" height=\"768\" src=\"https:\/\/kit.pef.czu.cz\/wp-content\/uploads\/2025\/11\/IMG_0236-1024x768.jpg\" alt=\"\" class=\"wp-image-13763\" style=\"width:772px;height:auto\" srcset=\"http:\/\/kit.pef.czu.cz\/wp-content\/uploads\/2025\/11\/IMG_0236-1024x768.jpg 1024w, http:\/\/kit.pef.czu.cz\/wp-content\/uploads\/2025\/11\/IMG_0236-300x225.jpg 300w, http:\/\/kit.pef.czu.cz\/wp-content\/uploads\/2025\/11\/IMG_0236-768x576.jpg 768w, http:\/\/kit.pef.czu.cz\/wp-content\/uploads\/2025\/11\/IMG_0236-1536x1152.jpg 1536w, http:\/\/kit.pef.czu.cz\/wp-content\/uploads\/2025\/11\/IMG_0236-2048x1536.jpg 2048w, http:\/\/kit.pef.czu.cz\/wp-content\/uploads\/2025\/11\/IMG_0236-16x12.jpg 16w\" sizes=\"(max-width: 1024px) 100vw, 1024px\" \/><\/figure>","protected":false},"excerpt":{"rendered":"<p>V \u00fater\u00fd 11. listopadu 2025 prob\u011bhl v Praze&nbsp;Den s farm\u00e1\u0159i, tradi\u010dn\u00ed setk\u00e1n\u00ed, jeho\u017e c\u00edlem je propojit zem\u011bd\u011blskou praxi s v\u00fdzkumem, inovacemi a vzd\u011bl\u00e1v\u00e1n\u00edm. Akci po\u0159\u00e1dala&nbsp;Katedra informa\u010dn\u00edch technologi\u00ed PEF \u010cZU v Praze a \u00dahlava, o.p.s. ve spolupr\u00e1ci s \u010ceskou akademi\u00ed zem\u011bd\u011blsk\u00fdch v\u011bd (\u010cAZV) a Asociac\u00e9 soukrom\u00fdch zem\u011bd\u011blc\u016f Plze\u0148sko. Setk\u00e1n\u00ed pat\u0159ilo nejen farm\u00e1\u0159\u016fm, ale tak\u00e9 odborn\u00edk\u016fm z v\u00fdzkumn\u00fdch instituc\u00edm a dal\u0161\u00edm z\u00e1jemc\u016fm, kte\u0159\u00ed se zaj\u00edmaj\u00ed o sou\u010dasn\u00e9 trendy v zem\u011bd\u011blstv\u00ed. \u00da\u010dastn\u00edky v \u00favodu programu p\u0159iv\u00edtal prod\u011bkan pro inovace a transfer technologi\u00ed Provozn\u011b eknomick\u00e9 fakulty a \u0159editel Potravin\u00e1\u0159sk\u00e9ho pavilonu (FAPPZ), kte\u0159\u00ed navodili otev\u0159enou a p\u0159\u00e1telskou atmosf\u00e9ru diskuse o aktu\u00e1ln\u00edch t\u00e9matech \u010desk\u00e9ho zem\u011bd\u011blstv\u00ed. U\u017e<\/p>","protected":false},"author":4,"featured_media":0,"comment_status":"closed","ping_status":"closed","sticky":false,"template":"","format":"standard","meta":{"_eb_attr":"","_uag_custom_page_level_css":"","ngg_post_thumbnail":0,"footnotes":""},"categories":[79,49],"tags":[],"class_list":["post-13762","post","type-post","status-publish","format-standard","hentry","category-homepage","category-zpravy"],"uagb_featured_image_src":{"full":false,"thumbnail":false,"medium":false,"medium_large":false,"large":false,"1536x1536":false,"2048x2048":false,"trp-custom-language-flag":false},"uagb_author_info":{"display_name":"Eva K\u00e1nsk\u00e1","author_link":"http:\/\/kit.pef.czu.cz\/en\/zpravy-akce-prednasky\/author\/kanska\/"},"uagb_comment_info":0,"uagb_excerpt":"V \u00fater\u00fd 11. listopadu 2025 prob\u011bhl v Praze&nbsp;Den s farm\u00e1\u0159i, tradi\u010dn\u00ed setk\u00e1n\u00ed, jeho\u017e c\u00edlem je propojit zem\u011bd\u011blskou praxi s v\u00fdzkumem, inovacemi a vzd\u011bl\u00e1v\u00e1n\u00edm. Akci po\u0159\u00e1dala&nbsp;Katedra informa\u010dn\u00edch technologi\u00ed PEF \u010cZU v Praze a \u00dahlava, o.p.s. ve spolupr\u00e1ci s \u010ceskou akademi\u00ed zem\u011bd\u011blsk\u00fdch v\u011bd (\u010cAZV) a Asociac\u00e9 soukrom\u00fdch zem\u011bd\u011blc\u016f Plze\u0148sko. Setk\u00e1n\u00ed pat\u0159ilo nejen farm\u00e1\u0159\u016fm, ale tak\u00e9 odborn\u00edk\u016fm z&hellip;","_links":{"self":[{"href":"http:\/\/kit.pef.czu.cz\/en\/wp-json\/wp\/v2\/posts\/13762","targetHints":{"allow":["GET"]}}],"collection":[{"href":"http:\/\/kit.pef.czu.cz\/en\/wp-json\/wp\/v2\/posts"}],"about":[{"href":"http:\/\/kit.pef.czu.cz\/en\/wp-json\/wp\/v2\/types\/post"}],"author":[{"embeddable":true,"href":"http:\/\/kit.pef.czu.cz\/en\/wp-json\/wp\/v2\/users\/4"}],"replies":[{"embeddable":true,"href":"http:\/\/kit.pef.czu.cz\/en\/wp-json\/wp\/v2\/comments?post=13762"}],"version-history":[{"count":9,"href":"http:\/\/kit.pef.czu.cz\/en\/wp-json\/wp\/v2\/posts\/13762\/revisions"}],"predecessor-version":[{"id":13783,"href":"http:\/\/kit.pef.czu.cz\/en\/wp-json\/wp\/v2\/posts\/13762\/revisions\/13783"}],"wp:attachment":[{"href":"http:\/\/kit.pef.czu.cz\/en\/wp-json\/wp\/v2\/media?parent=13762"}],"wp:term":[{"taxonomy":"category","embeddable":true,"href":"http:\/\/kit.pef.czu.cz\/en\/wp-json\/wp\/v2\/categories?post=13762"},{"taxonomy":"post_tag","embeddable":true,"href":"http:\/\/kit.pef.czu.cz\/en\/wp-json\/wp\/v2\/tags?post=13762"}],"curies":[{"name":"wp","href":"https:\/\/api.w.org\/{rel}","templated":true}]}}