{"id":13455,"date":"2023-12-30T12:53:00","date_gmt":"2023-12-30T11:53:00","guid":{"rendered":"https:\/\/kit.pef.czu.cz\/?p=13455"},"modified":"2025-09-16T12:27:46","modified_gmt":"2025-09-16T10:27:46","slug":"newsletter-no-1-codecs","status":"publish","type":"post","link":"http:\/\/kit.pef.czu.cz\/en\/zpravy-akce-prednasky\/newsletter-no-1-codecs\/","title":{"rendered":"CODECS \u2013 Newsletter No. 2"},"content":{"rendered":"<p>2023 was a year of successes and new beginnings for the CODECS project. In this issue, we bring you a summary of the annual meeting in Almeria, the launch of the new platform for digital innovation in agriculture, and an invitation to join the Knowledge Accelerator community. Don\u2019t miss out on upcoming webinars and European events focused on sustainable digitalization and the future of agriculture.<\/p>\n\n\n\n<p><strong><a href=\"http:\/\/kit.pef.czu.cz\/wp-content\/uploads\/2025\/09\/21062023_Newsletter_1.pdf\" data-type=\"link\" data-id=\"http:\/\/kit.pef.czu.cz\/wp-content\/uploads\/2025\/09\/21062023_Newsletter_1.pdf\">Newsletter #2<\/a>  (Dec. 2023) |  <a href=\"http:\/\/kit.pef.czu.cz\/wp-content\/uploads\/2025\/09\/CODECS-Zpravodaj-prosinec-2023.pdf\" data-type=\"link\" data-id=\"http:\/\/kit.pef.czu.cz\/wp-content\/uploads\/2025\/09\/CODECS-Zpravodaj-prosinec-2023.pdf\">Newsletter #2<strong> <\/strong><\/a><strong> (December 2023)<\/strong><\/strong><\/p>\n\n\n\n<figure class=\"wp-block-image aligncenter size-full\"><img decoding=\"async\" width=\"549\" height=\"366\" src=\"https:\/\/kit.pef.czu.cz\/wp-content\/uploads\/2023\/12\/width_550.jpg\" alt=\"\" class=\"wp-image-13568\" srcset=\"http:\/\/kit.pef.czu.cz\/wp-content\/uploads\/2023\/12\/width_550.jpg 549w, http:\/\/kit.pef.czu.cz\/wp-content\/uploads\/2023\/12\/width_550-300x200.jpg 300w, http:\/\/kit.pef.czu.cz\/wp-content\/uploads\/2023\/12\/width_550-18x12.jpg 18w\" sizes=\"(max-width: 549px) 100vw, 549px\" \/><\/figure>","protected":false},"excerpt":{"rendered":"<p>Rok 2023 byl pro projekt CODECS pln\u00fd \u00fasp\u011bch\u016f a nov\u00fdch za\u010d\u00e1tk\u016f. V tomto vyd\u00e1n\u00ed p\u0159in\u00e1\u0161\u00edme shrnut\u00ed v\u00fdro\u010dn\u00edho shrom\u00e1\u017ed\u011bn\u00ed v Almer\u00edi, p\u0159edstaven\u00ed nov\u00e9 platformy pro digit\u00e1ln\u00ed inovace v zem\u011bd\u011blstv\u00ed a pozv\u00e1nku do komunity Knowledge Accelerator. Nenechte si uj\u00edt tak\u00e9 nadch\u00e1zej\u00edc\u00ed webin\u00e1\u0159e a evropsk\u00e9 ud\u00e1losti zam\u011b\u0159en\u00e9 na udr\u017eitelnou digitalizaci a budoucnost zem\u011bd\u011blstv\u00ed. Newsletter #2 (Dec. 2023) | Zpravodaj #2 (prosinec 2023)<\/p>","protected":false},"author":4,"featured_media":0,"comment_status":"closed","ping_status":"closed","sticky":false,"template":"","format":"standard","meta":{"_eb_attr":"","_uag_custom_page_level_css":"","ngg_post_thumbnail":0,"footnotes":""},"categories":[80,49],"tags":[],"class_list":["post-13455","post","type-post","status-publish","format-standard","hentry","category-codecs","category-zpravy"],"uagb_featured_image_src":{"full":false,"thumbnail":false,"medium":false,"medium_large":false,"large":false,"1536x1536":false,"2048x2048":false,"trp-custom-language-flag":false},"uagb_author_info":{"display_name":"Eva K\u00e1nsk\u00e1","author_link":"http:\/\/kit.pef.czu.cz\/en\/zpravy-akce-prednasky\/author\/kanska\/"},"uagb_comment_info":0,"uagb_excerpt":"Rok 2023 byl pro projekt CODECS pln\u00fd \u00fasp\u011bch\u016f a nov\u00fdch za\u010d\u00e1tk\u016f. V tomto vyd\u00e1n\u00ed p\u0159in\u00e1\u0161\u00edme shrnut\u00ed v\u00fdro\u010dn\u00edho shrom\u00e1\u017ed\u011bn\u00ed v Almer\u00edi, p\u0159edstaven\u00ed nov\u00e9 platformy pro digit\u00e1ln\u00ed inovace v zem\u011bd\u011blstv\u00ed a pozv\u00e1nku do komunity Knowledge Accelerator. Nenechte si uj\u00edt tak\u00e9 nadch\u00e1zej\u00edc\u00ed webin\u00e1\u0159e a evropsk\u00e9 ud\u00e1losti zam\u011b\u0159en\u00e9 na udr\u017eitelnou digitalizaci a budoucnost zem\u011bd\u011blstv\u00ed. Newsletter #2 (Dec. 2023) |&hellip;","_links":{"self":[{"href":"http:\/\/kit.pef.czu.cz\/en\/wp-json\/wp\/v2\/posts\/13455","targetHints":{"allow":["GET"]}}],"collection":[{"href":"http:\/\/kit.pef.czu.cz\/en\/wp-json\/wp\/v2\/posts"}],"about":[{"href":"http:\/\/kit.pef.czu.cz\/en\/wp-json\/wp\/v2\/types\/post"}],"author":[{"embeddable":true,"href":"http:\/\/kit.pef.czu.cz\/en\/wp-json\/wp\/v2\/users\/4"}],"replies":[{"embeddable":true,"href":"http:\/\/kit.pef.czu.cz\/en\/wp-json\/wp\/v2\/comments?post=13455"}],"version-history":[{"count":4,"href":"http:\/\/kit.pef.czu.cz\/en\/wp-json\/wp\/v2\/posts\/13455\/revisions"}],"predecessor-version":[{"id":13569,"href":"http:\/\/kit.pef.czu.cz\/en\/wp-json\/wp\/v2\/posts\/13455\/revisions\/13569"}],"wp:attachment":[{"href":"http:\/\/kit.pef.czu.cz\/en\/wp-json\/wp\/v2\/media?parent=13455"}],"wp:term":[{"taxonomy":"category","embeddable":true,"href":"http:\/\/kit.pef.czu.cz\/en\/wp-json\/wp\/v2\/categories?post=13455"},{"taxonomy":"post_tag","embeddable":true,"href":"http:\/\/kit.pef.czu.cz\/en\/wp-json\/wp\/v2\/tags?post=13455"}],"curies":[{"name":"wp","href":"https:\/\/api.w.org\/{rel}","templated":true}]}}