{"id":12330,"date":"2024-05-03T08:57:00","date_gmt":"2024-05-03T06:57:00","guid":{"rendered":"https:\/\/kit.pef.czu.cz\/?p=12330"},"modified":"2024-06-04T09:43:54","modified_gmt":"2024-06-04T07:43:54","slug":"visit-from-the-university-of-thessaly","status":"publish","type":"post","link":"http:\/\/kit.pef.czu.cz\/en\/zpravy-akce-prednasky\/visit-from-the-university-of-thessaly\/","title":{"rendered":"Visit from the University of Thessaly"},"content":{"rendered":"<p>A group of IT staff members from the University of Thessaly paid a visit to the Department of Information Technologies at the Faculty of Economics and Management and the Department of Information and Communication Technologies CZU Prague within the Erasmus+ Staff Mobility for Training in the week of 29 April 2024.<\/p>\n\n\n\n<p>The delegation represented by Mr Dimitris Tsachalis, Mr Christos Tselias, and Dr Georgios Giannikis discussed with Dr Michal Sto\u010des and Dr Milo\u0161 Ulman at the Department of Information Technologies the ongoing research projects, CZU Data Management Platform vision and architecture. Dr. Sto\u010des toured the visitors around the IoT laboratory at the department.<\/p>\n\n\n\n<p>Furthermore, the guests met with a Department of Information and Communication Technologies team. Mr Ladislav Stach gave a high-level overview of the CZU IT landscape and network infrastructure. Mr Luk\u00e1\u0161 Babinsk\u00fd shared the experience of managing over 40,000 user identities and more than 2500 IT services. Mr Jan Svoboda and Mr Petr Cihelka presented their experience with in-house software development on Microsoft technologies.<\/p>\n\n\n\n<p>Ultimately, the colleagues had an excursion to the CZU data center on campus. The visit organized by Mr. Adam Vacek from the CZU International Relations Office has been essential to initiate collaboration between CZU and the University of Thessaly. Both teams have agreed on a reciprocal visit to the University of Thessaly soon.<\/p>\n\n\n\n<div class=\"wp-block-group is-layout-constrained wp-block-group-is-layout-constrained\">\t\t\t\t\t<div\n\t\t\t\t\t\tclass=\"wp-block-uagb-image-gallery uagb-block-a1713adf\"\n\t\t\t\t\t\tstyle=\"\"\n\t\t\t\t\t>\n\t\t\t\t\t\t\t\t\t\t\t<div class=\"spectra-image-gallery spectra-image-gallery__layout--grid spectra-image-gallery__layout--grid-col-3 spectra-image-gallery__layout--grid-col-tab-3 spectra-image-gallery__layout--grid-col-mob-2\">\n\t\t\t\t\t\t\t\t\t\t\t<div class='spectra-image-gallery__media-wrapper' data-spectra-gallery-image-id='12332' tabindex=\"0\">\n\t\t\t\t\t\t\t<div class=\"spectra-image-gallery__media spectra-image-gallery__media--grid\">\n\t\t\t\t<picture>\n\t\t\t\t\t<source media=\"(min-width: 1024px)\" srcset=\"http:\/\/kit.pef.czu.cz\/wp-content\/uploads\/2024\/06\/01_E-Staff-visit-VOLOS-1024x576.jpeg\">\n\t\t\t\t\t<source media=\"(min-width: 768px)\" srcset=\"http:\/\/kit.pef.czu.cz\/wp-content\/uploads\/2024\/06\/01_E-Staff-visit-VOLOS-1024x576.jpeg\">\n\t\t\t\t\t<img decoding=\"async\" class=\"spectra-image-gallery__media-thumbnail spectra-image-gallery__media-thumbnail--grid\" src=\"http:\/\/kit.pef.czu.cz\/wp-content\/uploads\/2024\/06\/01_E-Staff-visit-VOLOS-300x169.jpeg\" alt=\"\" loading=\"lazy\" \/>\n\t\t\t\t<\/picture>\n\t\t\t\t<div class=\"spectra-image-gallery__media-thumbnail-blurrer\"><\/div>\n\t\t\t\t\t\t\t\t\t\t\t<div class=\"spectra-image-gallery__media-thumbnail-caption-wrapper spectra-image-gallery__media-thumbnail-caption-wrapper--overlay\">\n\t\t\t\t\t\t\t\t\t\t\t<div class=\"spectra-image-gallery__media-thumbnail-caption spectra-image-gallery__media-thumbnail-caption--overlay\">\n\t\t\t\t\tVisit to CZU\t\t\t\t<\/div>\n\t\t\t\t\t\t\t\t\t\t<\/div>\n\t\t\t\t\t\t\t\t\t<\/div>\n\t\t\t\t\t\t<\/div>\n\t\t\t\t\t\t<div class='spectra-image-gallery__media-wrapper' data-spectra-gallery-image-id='12335' tabindex=\"0\">\n\t\t\t\t\t\t\t<div class=\"spectra-image-gallery__media spectra-image-gallery__media--grid\">\n\t\t\t\t<picture>\n\t\t\t\t\t<source media=\"(min-width: 1024px)\" srcset=\"http:\/\/kit.pef.czu.cz\/wp-content\/uploads\/2024\/06\/02_E-Staff-visit-VOLOS-1024x576.jpeg\">\n\t\t\t\t\t<source media=\"(min-width: 768px)\" srcset=\"http:\/\/kit.pef.czu.cz\/wp-content\/uploads\/2024\/06\/02_E-Staff-visit-VOLOS-1024x576.jpeg\">\n\t\t\t\t\t<img decoding=\"async\" class=\"spectra-image-gallery__media-thumbnail spectra-image-gallery__media-thumbnail--grid\" src=\"http:\/\/kit.pef.czu.cz\/wp-content\/uploads\/2024\/06\/02_E-Staff-visit-VOLOS-300x169.jpeg\" alt=\"\" loading=\"lazy\" \/>\n\t\t\t\t<\/picture>\n\t\t\t\t<div class=\"spectra-image-gallery__media-thumbnail-blurrer\"><\/div>\n\t\t\t\t\t\t\t\t\t\t\t<div class=\"spectra-image-gallery__media-thumbnail-caption-wrapper spectra-image-gallery__media-thumbnail-caption-wrapper--overlay\">\n\t\t\t\t\t\t\t\t\t\t\t<div class=\"spectra-image-gallery__media-thumbnail-caption spectra-image-gallery__media-thumbnail-caption--overlay\">\n\t\t\t\t\tVisit to CZU\t\t\t\t<\/div>\n\t\t\t\t\t\t\t\t\t\t<\/div>\n\t\t\t\t\t\t\t\t\t<\/div>\n\t\t\t\t\t\t<\/div>\n\t\t\t\t\t\t<div class='spectra-image-gallery__media-wrapper' data-spectra-gallery-image-id='12333' tabindex=\"0\">\n\t\t\t\t\t\t\t<div class=\"spectra-image-gallery__media spectra-image-gallery__media--grid\">\n\t\t\t\t<picture>\n\t\t\t\t\t<source media=\"(min-width: 1024px)\" srcset=\"http:\/\/kit.pef.czu.cz\/wp-content\/uploads\/2024\/06\/03_E-Staff-visit-VOLOS-1024x576.jpeg\">\n\t\t\t\t\t<source media=\"(min-width: 768px)\" srcset=\"http:\/\/kit.pef.czu.cz\/wp-content\/uploads\/2024\/06\/03_E-Staff-visit-VOLOS-1024x576.jpeg\">\n\t\t\t\t\t<img decoding=\"async\" class=\"spectra-image-gallery__media-thumbnail spectra-image-gallery__media-thumbnail--grid\" src=\"http:\/\/kit.pef.czu.cz\/wp-content\/uploads\/2024\/06\/03_E-Staff-visit-VOLOS-300x169.jpeg\" alt=\"\" loading=\"lazy\" \/>\n\t\t\t\t<\/picture>\n\t\t\t\t<div class=\"spectra-image-gallery__media-thumbnail-blurrer\"><\/div>\n\t\t\t\t\t\t\t\t\t\t\t<div class=\"spectra-image-gallery__media-thumbnail-caption-wrapper spectra-image-gallery__media-thumbnail-caption-wrapper--overlay\">\n\t\t\t\t\t\t\t\t\t\t\t<div class=\"spectra-image-gallery__media-thumbnail-caption spectra-image-gallery__media-thumbnail-caption--overlay\">\n\t\t\t\t\tVisit to CZU\t\t\t\t<\/div>\n\t\t\t\t\t\t\t\t\t\t<\/div>\n\t\t\t\t\t\t\t\t\t<\/div>\n\t\t\t\t\t\t<\/div>\n\t\t\t\t\t\t<div class='spectra-image-gallery__media-wrapper' data-spectra-gallery-image-id='12334' tabindex=\"0\">\n\t\t\t\t\t\t\t<div class=\"spectra-image-gallery__media spectra-image-gallery__media--grid\">\n\t\t\t\t<picture>\n\t\t\t\t\t<source media=\"(min-width: 1024px)\" srcset=\"http:\/\/kit.pef.czu.cz\/wp-content\/uploads\/2024\/06\/04_E-Staff-visit-VOLOS-576x1024.jpeg\">\n\t\t\t\t\t<source media=\"(min-width: 768px)\" srcset=\"http:\/\/kit.pef.czu.cz\/wp-content\/uploads\/2024\/06\/04_E-Staff-visit-VOLOS-576x1024.jpeg\">\n\t\t\t\t\t<img decoding=\"async\" class=\"spectra-image-gallery__media-thumbnail spectra-image-gallery__media-thumbnail--grid\" src=\"http:\/\/kit.pef.czu.cz\/wp-content\/uploads\/2024\/06\/04_E-Staff-visit-VOLOS-169x300.jpeg\" alt=\"\" loading=\"lazy\" \/>\n\t\t\t\t<\/picture>\n\t\t\t\t<div class=\"spectra-image-gallery__media-thumbnail-blurrer\"><\/div>\n\t\t\t\t\t\t\t\t\t\t\t<div class=\"spectra-image-gallery__media-thumbnail-caption-wrapper spectra-image-gallery__media-thumbnail-caption-wrapper--overlay\">\n\t\t\t\t\t\t\t\t\t\t\t<div class=\"spectra-image-gallery__media-thumbnail-caption spectra-image-gallery__media-thumbnail-caption--overlay\">\n\t\t\t\t\tVisit to CZU\t\t\t\t<\/div>\n\t\t\t\t\t\t\t\t\t\t<\/div>\n\t\t\t\t\t\t\t\t\t<\/div>\n\t\t\t\t\t\t<\/div>\n\t\t\t\t\t\t\t\t\t\t<\/div>\n\t\t\t\t\t\t\t\t\t\t\t\t\t\t\t\t\t\t<\/div>\n\t\t\t\t\t\t\t\t\t<\/div>","protected":false},"excerpt":{"rendered":"<p>A group of IT staff members from the University of Thessaly paid a visit to the Department of Information Technologies at the Faculty of Economics and Management and the Department of Information and Communication Technologies CZU Prague within the Erasmus+ Staff Mobility for Training in the week of 29 April 2024. The delegation represented by Mr Dimitris Tsachalis, Mr Christos Tselias, and Dr Georgios Giannikis discussed with Dr Michal Sto\u010des and Dr Milo\u0161 Ulman at the Department of Information Technologies the ongoing research projects, CZU Data Management Platform vision and architecture. Dr. Sto\u010des toured the visitors around the IoT laboratory<\/p>","protected":false},"author":1,"featured_media":0,"comment_status":"closed","ping_status":"closed","sticky":false,"template":"","format":"standard","meta":{"_eb_attr":"","_uag_custom_page_level_css":"","ngg_post_thumbnail":0,"footnotes":""},"categories":[114,1,49],"tags":[],"class_list":["post-12330","post","type-post","status-publish","format-standard","hentry","category-minule","category-nezarazene","category-zpravy"],"uagb_featured_image_src":{"full":false,"thumbnail":false,"medium":false,"medium_large":false,"large":false,"1536x1536":false,"2048x2048":false,"trp-custom-language-flag":false},"uagb_author_info":{"display_name":"admin","author_link":"http:\/\/kit.pef.czu.cz\/en\/zpravy-akce-prednasky\/author\/admin\/"},"uagb_comment_info":0,"uagb_excerpt":"A group of IT staff members from the University of Thessaly paid a visit to the Department of Information Technologies at the Faculty of Economics and Management and the Department of Information and Communication Technologies CZU Prague within the Erasmus+ Staff Mobility for Training in the week of 29 April 2024. The delegation represented by&hellip;","_links":{"self":[{"href":"http:\/\/kit.pef.czu.cz\/en\/wp-json\/wp\/v2\/posts\/12330","targetHints":{"allow":["GET"]}}],"collection":[{"href":"http:\/\/kit.pef.czu.cz\/en\/wp-json\/wp\/v2\/posts"}],"about":[{"href":"http:\/\/kit.pef.czu.cz\/en\/wp-json\/wp\/v2\/types\/post"}],"author":[{"embeddable":true,"href":"http:\/\/kit.pef.czu.cz\/en\/wp-json\/wp\/v2\/users\/1"}],"replies":[{"embeddable":true,"href":"http:\/\/kit.pef.czu.cz\/en\/wp-json\/wp\/v2\/comments?post=12330"}],"version-history":[{"count":0,"href":"http:\/\/kit.pef.czu.cz\/en\/wp-json\/wp\/v2\/posts\/12330\/revisions"}],"wp:attachment":[{"href":"http:\/\/kit.pef.czu.cz\/en\/wp-json\/wp\/v2\/media?parent=12330"}],"wp:term":[{"taxonomy":"category","embeddable":true,"href":"http:\/\/kit.pef.czu.cz\/en\/wp-json\/wp\/v2\/categories?post=12330"},{"taxonomy":"post_tag","embeddable":true,"href":"http:\/\/kit.pef.czu.cz\/en\/wp-json\/wp\/v2\/tags?post=12330"}],"curies":[{"name":"wp","href":"https:\/\/api.w.org\/{rel}","templated":true}]}}