{"id":12242,"date":"2024-03-28T20:00:00","date_gmt":"2024-03-28T19:00:00","guid":{"rendered":"https:\/\/kit.pef.czu.cz\/?p=12242"},"modified":"2024-05-07T16:29:44","modified_gmt":"2024-05-07T14:29:44","slug":"projektovy-mitink-granular-postup-za-poslednich-18-mesicu-a-nasledujici-kroky","status":"publish","type":"post","link":"http:\/\/kit.pef.czu.cz\/en\/zpravy-akce-prednasky\/projektovy-mitink-granular-postup-za-poslednich-18-mesicu-a-nasledujici-kroky\/","title":{"rendered":"GRANULAR project meeting: progress over the last 18 months and next steps"},"content":{"rendered":"<p>GRANULAR, a Horizon Europe research project, held its General Assembly online on 28 March 2024 retracing the progress and successes of the last 18 months and exploring the way forward. Since October 2022 the project has made significant progress as highlighted by GRANULAR\u2019s Coordinator Tristan Berchoux, CIHEAM Montpellier. Moving forward, GRANULAR is ready to deepen its impact by aligning academic insights with the evolving needs of both the EU and local communities. Notably, the project's contributions have gained recognition in the European Commission's report on 'The Long-Term Vision for the EU's Rural Areas' (LTVRA), emphasising its relevance in shaping future policy frameworks. <\/p>\n\n\n\n<p><\/p>\n\n\n\n<p>Looking ahead, GRANULAR's focus remains on advancing rural development through cutting-edge research and strategic partnerships. In the coming months, the project will intensify efforts to integrate its findings with the LTVRA, with a particular emphasis on operationalising rural proofing and developing comprehensive indicators to track progress. Moreover, GRANULAR aims to leverage its Rural Compass to facilitate informed decision-making and enhance the effectiveness of rural policies. With a commitment to data-driven insights and innovative methodologies, the project will have a novel Rural Typology by 2026, offering a more nuanced understanding of rural dynamics and paving the way for transformative change in Europe's rural landscapes.<\/p>\n\n\n\n<p><\/p>\n\n\n\n<figure class=\"wp-block-image\"><img decoding=\"async\" width=\"980\" height=\"522\" src=\"http:\/\/kit.pef.czu.cz\/wp-content\/uploads\/2024\/03\/image-for-web.png\" alt=\"print screen obrazovky z online m\u00edtinku Granular\" class=\"wp-image-12245\" srcset=\"http:\/\/kit.pef.czu.cz\/wp-content\/uploads\/2024\/03\/image-for-web.png 980w, http:\/\/kit.pef.czu.cz\/wp-content\/uploads\/2024\/03\/image-for-web-300x160.png 300w, http:\/\/kit.pef.czu.cz\/wp-content\/uploads\/2024\/03\/image-for-web-768x409.png 768w, http:\/\/kit.pef.czu.cz\/wp-content\/uploads\/2024\/03\/image-for-web-18x10.png 18w\" sizes=\"(max-width: 980px) 100vw, 980px\" \/><\/figure>","protected":false},"excerpt":{"rendered":"<p>GRANULAR, a Horizon Europe research project, held an online project meeting on 28 March 2024 to review the work and achievements of the past 18 months and discuss next steps. As of October 2022, the project has made significant progress, as highlighted by project coordinator Tristan Berchoux from CIHEAM Montpellier. The project now aims to deepen its impact by aligning academic knowledge with the evolving needs of the EU and local communities. The project&#039;s contributions were recognized in particular in the European Commission&#039;s report on the &quot;Long-term vision for rural areas of the EU&quot; (LTVRA), which emphasizes the importance of the project in shaping future policy frameworks. In the coming period, GRANULAR<\/p>","protected":false},"author":1,"featured_media":0,"comment_status":"closed","ping_status":"closed","sticky":false,"template":"","format":"standard","meta":{"_eb_attr":"","_uag_custom_page_level_css":"","ngg_post_thumbnail":0,"footnotes":""},"categories":[122],"tags":[123],"class_list":["post-12242","post","type-post","status-publish","format-standard","hentry","category-granular","tag-granular"],"uagb_featured_image_src":{"full":false,"thumbnail":false,"medium":false,"medium_large":false,"large":false,"1536x1536":false,"2048x2048":false,"trp-custom-language-flag":false},"uagb_author_info":{"display_name":"admin","author_link":"http:\/\/kit.pef.czu.cz\/en\/zpravy-akce-prednasky\/author\/admin\/"},"uagb_comment_info":0,"uagb_excerpt":"GRANULAR, v\u00fdzkumn\u00fd projekt programu Horizont Evropa, uspo\u0159\u00e1dal dne 28. b\u0159ezna 2024 online projektov\u00fd m\u00edtink, na kter\u00e9m se hodnotila pr\u00e1ce a \u00fasp\u011bchy za posledn\u00edch 18 m\u011bs\u00edc\u016f a prob\u00edraly se n\u00e1sleduj\u00edc\u00ed kroky. Od \u0159\u00edjna 2022 dos\u00e1hl projekt v\u00fdznamn\u00e9ho pokroku, jak zd\u016fraznil koordin\u00e1tor projektu Tristan Berchoux z CIHEAM Montpellier. Projekt m\u00e1 nyn\u00ed za c\u00edl prohloubit sv\u016fj dopad slad\u011bn\u00edm&hellip;","_links":{"self":[{"href":"http:\/\/kit.pef.czu.cz\/en\/wp-json\/wp\/v2\/posts\/12242","targetHints":{"allow":["GET"]}}],"collection":[{"href":"http:\/\/kit.pef.czu.cz\/en\/wp-json\/wp\/v2\/posts"}],"about":[{"href":"http:\/\/kit.pef.czu.cz\/en\/wp-json\/wp\/v2\/types\/post"}],"author":[{"embeddable":true,"href":"http:\/\/kit.pef.czu.cz\/en\/wp-json\/wp\/v2\/users\/1"}],"replies":[{"embeddable":true,"href":"http:\/\/kit.pef.czu.cz\/en\/wp-json\/wp\/v2\/comments?post=12242"}],"version-history":[{"count":0,"href":"http:\/\/kit.pef.czu.cz\/en\/wp-json\/wp\/v2\/posts\/12242\/revisions"}],"wp:attachment":[{"href":"http:\/\/kit.pef.czu.cz\/en\/wp-json\/wp\/v2\/media?parent=12242"}],"wp:term":[{"taxonomy":"category","embeddable":true,"href":"http:\/\/kit.pef.czu.cz\/en\/wp-json\/wp\/v2\/categories?post=12242"},{"taxonomy":"post_tag","embeddable":true,"href":"http:\/\/kit.pef.czu.cz\/en\/wp-json\/wp\/v2\/tags?post=12242"}],"curies":[{"name":"wp","href":"https:\/\/api.w.org\/{rel}","templated":true}]}}