{"id":11220,"date":"2023-10-23T16:16:39","date_gmt":"2023-10-23T14:16:39","guid":{"rendered":"https:\/\/kit.pef.czu.cz\/wp\/?p=11220"},"modified":"2023-10-27T16:22:23","modified_gmt":"2023-10-27T14:22:23","slug":"informace-k-systemu-dochazky-na-cyklus-prednasek-odborniku-z-praxe-ict-2","status":"publish","type":"post","link":"http:\/\/kit.pef.czu.cz\/en\/zpravy-akce-prednasky\/informace-k-systemu-dochazky-na-cyklus-prednasek-odborniku-z-praxe-ict-2\/","title":{"rendered":"INFORMATION ON THE ATTENDANCE SYSTEM FOR THE LECTURE CYCLE OF ICT EXPERTS"},"content":{"rendered":"<p style=\"text-align: justify; font-size: 17px;\"><strong>In the winter semester 2023\/2024, attendance will be recorded at the Cycle of lectures by ICT experts through electronic attendance records.<\/strong><\/p>\n\n<div class=\"text-content-inner\">\n<p>At selected lectures, attendance is now registered electronically using an ISIC card. Each student will be required to confirm their participation by attaching the card to the reading device.<\/p>\n<\/div>\n\n<div class=\"text-content-inner\">\n<p>The reading device will not be present for the entire duration of the lecture, but will be ready at a randomly selected time during the lecture.<\/p>\n<\/div>\n\n<div class=\"text-content-inner\">\n<p>You must always have an active ISIC card (also ID card) with you! The activation of the card takes place at the Student cash desk. An inactive card will not be recognized by the reading device and your attendance at lectures will not be recorded.&nbsp;<strong>Non-participation in compulsory lectures may lead to the non-awarding of credit for the selected subject<\/strong>&nbsp;at CZU.<\/p>\n<\/div>\n\n<div class=\"text-content-inner\">\n<p class=\"has-eighth-color has-text-color\">Note:<\/p>\n\n<p class=\"has-eighth-color has-text-color\"><strong>Students are required to attend at least one professional lecture (or two, if specified in the course conditions) of their own choice from the given cycle (credit condition). Attention, listeners outside the selected target group (guests - students from other subjects, etc.) will also use electronic attendance records using an ISIC card.<\/strong><\/p>\n<\/div>","protected":false},"excerpt":{"rendered":"<p>In the winter semester 2023\/2024, attendance will be recorded at the Cycle of lectures by ICT experts through electronic attendance records.<\/p>","protected":false},"author":1,"featured_media":0,"comment_status":"open","ping_status":"open","sticky":false,"template":"","format":"standard","meta":{"_eb_attr":"","_uag_custom_page_level_css":"","ngg_post_thumbnail":0,"footnotes":""},"categories":[114,49],"tags":[55],"class_list":["post-11220","post","type-post","status-publish","format-standard","hentry","category-minule","category-zpravy","tag-minule"],"uagb_featured_image_src":{"full":false,"thumbnail":false,"medium":false,"medium_large":false,"large":false,"1536x1536":false,"2048x2048":false,"trp-custom-language-flag":false},"uagb_author_info":{"display_name":"admin","author_link":"http:\/\/kit.pef.czu.cz\/en\/zpravy-akce-prednasky\/author\/admin\/"},"uagb_comment_info":0,"uagb_excerpt":"V zimn\u00edm semestru 2023\/2024 bude na Cyklu p\u0159edn\u00e1\u0161ek odborn\u00edk\u016f z praxe ICT evidov\u00e1na doch\u00e1zka prost\u0159ednictv\u00edm elektronick\u00e9 evidence doch\u00e1zky.","_links":{"self":[{"href":"http:\/\/kit.pef.czu.cz\/en\/wp-json\/wp\/v2\/posts\/11220","targetHints":{"allow":["GET"]}}],"collection":[{"href":"http:\/\/kit.pef.czu.cz\/en\/wp-json\/wp\/v2\/posts"}],"about":[{"href":"http:\/\/kit.pef.czu.cz\/en\/wp-json\/wp\/v2\/types\/post"}],"author":[{"embeddable":true,"href":"http:\/\/kit.pef.czu.cz\/en\/wp-json\/wp\/v2\/users\/1"}],"replies":[{"embeddable":true,"href":"http:\/\/kit.pef.czu.cz\/en\/wp-json\/wp\/v2\/comments?post=11220"}],"version-history":[{"count":0,"href":"http:\/\/kit.pef.czu.cz\/en\/wp-json\/wp\/v2\/posts\/11220\/revisions"}],"wp:attachment":[{"href":"http:\/\/kit.pef.czu.cz\/en\/wp-json\/wp\/v2\/media?parent=11220"}],"wp:term":[{"taxonomy":"category","embeddable":true,"href":"http:\/\/kit.pef.czu.cz\/en\/wp-json\/wp\/v2\/categories?post=11220"},{"taxonomy":"post_tag","embeddable":true,"href":"http:\/\/kit.pef.czu.cz\/en\/wp-json\/wp\/v2\/tags?post=11220"}],"curies":[{"name":"wp","href":"https:\/\/api.w.org\/{rel}","templated":true}]}}